{"id":484013,"date":"2017-06-17T17:02:14","date_gmt":"2017-06-17T22:02:14","guid":{"rendered":"https:\/\/www.futboltotal.com.mx\/?p=484013"},"modified":"2017-06-17T17:02:14","modified_gmt":"2017-06-17T22:02:14","slug":"oribe-peralta-maximo-goleador-en-activo-liga-mx","status":"publish","type":"post","link":"http:\/\/desarrollo.grupomedios.com\/futbol\/destacado-home\/oribe-peralta-maximo-goleador-en-activo-liga-mx\/2017\/06","title":{"rendered":"Oribe Peralta, m\u00e1ximo goleador en activo, de Liga MX"},"content":{"rendered":"<p><strong>Luis Gabriel Rey<\/strong> deja las canchas de M\u00e9xico para regresar a su pa\u00eds natal, donde concluir\u00e1 su carrera profesional; el Canguro era el m\u00e1ximo goleador en activo de la Liga MX, por lo que ahora deja ese lugar al delantero mexicano, <strong>Oribe Peralta<\/strong>.<\/p>\n<p>Hasta 2015, <strong>Luis Gabriel Rey<\/strong> y Alfredo Moreno, lideraban la lista de m\u00e1ximos romperredes en activo de la Liga MX, gracias a sus m\u00e1s de 140 tantos en el M\u00e1ximo Circuito; pero eso cambi\u00f3, ya que el <em>Chango<\/em> lleva dos a\u00f1os jugando en el Ascenso, y ahora el <em>Canguro<\/em> se va del pa\u00eds.<\/p>\n<p style=\"text-align: center;\"><span style=\"color: #3366ff;\"><a style=\"color: #3366ff;\" href=\"https:\/\/www.futboltotal.com.mx\/2017\/06\/luis-gabriel-rey-se-despide-mexico\/\" target=\"_blank\" rel=\"noopener noreferrer\"><strong>VER M\u00c1S: Luis Gabriel Rey se despide de M\u00e9xico<\/strong><\/a><\/span><\/p>\n<p>Por lo tanto, el Top 5 de m\u00e1ximos anotadores de la Liga MX que a\u00fan participan en el balompi\u00e9 <em>azteca<\/em>, est\u00e1 compuesto por los siguientes futbolistas, liderados por Oribe Peralta. Cabe destacar, que un par de ellos, estar\u00edan cerca del retiro.<\/p>\n<p style=\"text-align: center;\"><span style=\"color: #3366ff;\"><a style=\"color: #3366ff;\" href=\"https:\/\/www.futboltotal.com.mx\/2017\/06\/jonathan-dos-santos-nuevo-refuerzo-del-atletico-san-luis\/\" target=\"_blank\" rel=\"noopener noreferrer\"><strong>VER M\u00c1S: Jonathan dos Santos jugar\u00e1 con Atl\u00e9tico de San Luis<\/strong><\/a><\/span><\/p>\n<p><a href=\"https:\/\/www.futboltotal.com.mx\/wp-content\/uploads\/2017\/06\/maximos-anotadores-en-activo-de-liga-mx.jpg\"><img decoding=\"async\" loading=\"lazy\" class=\"alignnone size-full wp-image-484014\" src=\"https:\/\/www.futboltotal.com.mx\/wp-content\/uploads\/2017\/06\/maximos-anotadores-en-activo-de-liga-mx.jpg\" alt=\"Oribe Peralta, m\u00e1ximo goleador en activo, de Liga MX 0\" srcset=\"http:\/\/desarrollo.grupomedios.com\/futbol\/wp-content\/uploads\/2017\/06\/maximos-anotadores-en-activo-de-liga-mx.jpg 858w, http:\/\/desarrollo.grupomedios.com\/futbol\/wp-content\/uploads\/2017\/06\/maximos-anotadores-en-activo-de-liga-mx-300x227.jpg 300w, http:\/\/desarrollo.grupomedios.com\/futbol\/wp-content\/uploads\/2017\/06\/maximos-anotadores-en-activo-de-liga-mx-768x581.jpg 768w\" sizes=\"(max-width: 858px) 100vw, 858px\" \/><\/a><\/p>\n<p style=\"text-align: center;\"><span style=\"color: #3366ff;\"><a style=\"color: #3366ff;\" href=\"https:\/\/www.futboltotal.com.mx\/2017\/06\/candido-ramirez-causa-baja-del-atlas\/\" target=\"_blank\" rel=\"noopener noreferrer\"><strong>VER M\u00c1S: Atlas pierde a un jugador para todo el Apertura 2017<\/strong><\/a><\/span><\/p>\n","protected":false},"excerpt":{"rendered":"<p>Tras la salida de Luis Gabriel Rey de M\u00e9xico; artillero mexicano lidera a los m\u00e1ximos anotadores.<\/p>\n","protected":false},"author":20,"featured_media":484015,"comment_status":"closed","ping_status":"closed","sticky":false,"template":"","format":"standard","meta":[],"categories":[5,2198,3845],"tags":[5959,5965,5967],"_links":{"self":[{"href":"http:\/\/desarrollo.grupomedios.com\/futbol\/wp-json\/wp\/v2\/posts\/484013"}],"collection":[{"href":"http:\/\/desarrollo.grupomedios.com\/futbol\/wp-json\/wp\/v2\/posts"}],"about":[{"href":"http:\/\/desarrollo.grupomedios.com\/futbol\/wp-json\/wp\/v2\/types\/post"}],"author":[{"embeddable":true,"href":"http:\/\/desarrollo.grupomedios.com\/futbol\/wp-json\/wp\/v2\/users\/20"}],"replies":[{"embeddable":true,"href":"http:\/\/desarrollo.grupomedios.com\/futbol\/wp-json\/wp\/v2\/comments?post=484013"}],"version-history":[{"count":1,"href":"http:\/\/desarrollo.grupomedios.com\/futbol\/wp-json\/wp\/v2\/posts\/484013\/revisions"}],"predecessor-version":[{"id":484016,"href":"http:\/\/desarrollo.grupomedios.com\/futbol\/wp-json\/wp\/v2\/posts\/484013\/revisions\/484016"}],"wp:featuredmedia":[{"embeddable":true,"href":"http:\/\/desarrollo.grupomedios.com\/futbol\/wp-json\/wp\/v2\/media\/484015"}],"wp:attachment":[{"href":"http:\/\/desarrollo.grupomedios.com\/futbol\/wp-json\/wp\/v2\/media?parent=484013"}],"wp:term":[{"taxonomy":"category","embeddable":true,"href":"http:\/\/desarrollo.grupomedios.com\/futbol\/wp-json\/wp\/v2\/categories?post=484013"},{"taxonomy":"post_tag","embeddable":true,"href":"http:\/\/desarrollo.grupomedios.com\/futbol\/wp-json\/wp\/v2\/tags?post=484013"}],"curies":[{"name":"wp","href":"https:\/\/api.w.org\/{rel}","templated":true}]}}