{"id":484076,"date":"2017-06-18T17:04:47","date_gmt":"2017-06-18T22:04:47","guid":{"rendered":"https:\/\/www.futboltotal.com.mx\/?p=484076"},"modified":"2017-06-20T19:52:47","modified_gmt":"2017-06-21T00:52:47","slug":"causa-efecto-miguel-layun","status":"publish","type":"post","link":"http:\/\/desarrollo.grupomedios.com\/futbol\/videos\/causa-efecto-miguel-layun\/2017\/06","title":{"rendered":"Causa y efecto de\u2026 Miguel Lay\u00fan"},"content":{"rendered":"<p>Uno de los futbolistas m\u00e1s criticados de la <span style=\"color: #ff0000;\"><a style=\"color: #ff0000;\" href=\"http:\/\/futboltotal.com.mx\/futbol-mexicano\/seleccion-mexicana\/\" target=\"_blank\" rel=\"noopener noreferrer\">Selecci\u00f3n Mexicana<\/a><\/span> que compite en la Copa Confederaciones de Rusia 2017, es <strong>Miguel Lay\u00fan<\/strong>, quien a pesar de todas las represalias verbales y escritas en su contra, ha podido sobreponerse para seguir con su carrera. Cada vez que super\u00f3 esos fantasmas, el lateral logr\u00f3 destacar deportivamente.<\/p>\n<p>[video_player]https:\/\/player.vimeo.com\/external\/221321686.hd.mp4?s=ff476cb45369d043b184d1fa9d2a10393a0a0875&amp;profile_id=174[\/video_player]<\/p>\n<p><strong>Miguel Lay\u00fan<\/strong> oriundo de C\u00f3rdoba, Veracruz, es un ejemplo de esfuerzo y dedicaci\u00f3n. Desde los cuatro a\u00f1os se dispuso a usar tachones para transformar un juego de amigos, en un sue\u00f1o. Con esfuerzo puli\u00f3 su talento, hasta que llam\u00f3 la atenci\u00f3n de visores, desde corta edad.<\/p>\n<p>Por eso debut\u00f3 con Veracruz en 2007, dos meses antes de cumplir los 18. Se mantuvo por dos a\u00f1os en las filas escualas, hasta que emigr\u00f3 al Atalanta del Calcio. Fue el primer futbolista mexicano en jugar en la Serie A, por lo que pas\u00f3 a la historia.<\/p>\n<p>Pero su estad\u00eda en Italia fue corta, y al volver, las miradas de M\u00e9xico cayeron sobre \u00e9l, para culparlo de todo lo que hac\u00eda mal el Am\u00e9rica\u2026 Y hasta de todo lo que hubiese mal en el mundo. \u201cTodo es culpa de Lay\u00fan\u201d, era la burla a nivel nacional, de la que tuvo que sobreponerse.<\/p>\n<p>Al hacerlo, los triunfos llegaron: t\u00edtulos de Liga MX, llamados a Selecci\u00f3n y convocatoria al Mundial de Brasil 2014. As\u00ed, el zaguero volvi\u00f3 a Europa, y hoy busca seguir creciendo, para volver a hacer historia.<\/p>\n","protected":false},"excerpt":{"rendered":"<p>El zaguero del Porto y de la Selecci\u00f3n Mexicana, ha superado varios obst\u00e1culos.<\/p>\n","protected":false},"author":20,"featured_media":484077,"comment_status":"closed","ping_status":"closed","sticky":false,"template":"","format":"standard","meta":[],"categories":[7570,2198,3847,4,6433],"tags":[142,1035],"_links":{"self":[{"href":"http:\/\/desarrollo.grupomedios.com\/futbol\/wp-json\/wp\/v2\/posts\/484076"}],"collection":[{"href":"http:\/\/desarrollo.grupomedios.com\/futbol\/wp-json\/wp\/v2\/posts"}],"about":[{"href":"http:\/\/desarrollo.grupomedios.com\/futbol\/wp-json\/wp\/v2\/types\/post"}],"author":[{"embeddable":true,"href":"http:\/\/desarrollo.grupomedios.com\/futbol\/wp-json\/wp\/v2\/users\/20"}],"replies":[{"embeddable":true,"href":"http:\/\/desarrollo.grupomedios.com\/futbol\/wp-json\/wp\/v2\/comments?post=484076"}],"version-history":[{"count":1,"href":"http:\/\/desarrollo.grupomedios.com\/futbol\/wp-json\/wp\/v2\/posts\/484076\/revisions"}],"predecessor-version":[{"id":484078,"href":"http:\/\/desarrollo.grupomedios.com\/futbol\/wp-json\/wp\/v2\/posts\/484076\/revisions\/484078"}],"wp:featuredmedia":[{"embeddable":true,"href":"http:\/\/desarrollo.grupomedios.com\/futbol\/wp-json\/wp\/v2\/media\/484077"}],"wp:attachment":[{"href":"http:\/\/desarrollo.grupomedios.com\/futbol\/wp-json\/wp\/v2\/media?parent=484076"}],"wp:term":[{"taxonomy":"category","embeddable":true,"href":"http:\/\/desarrollo.grupomedios.com\/futbol\/wp-json\/wp\/v2\/categories?post=484076"},{"taxonomy":"post_tag","embeddable":true,"href":"http:\/\/desarrollo.grupomedios.com\/futbol\/wp-json\/wp\/v2\/tags?post=484076"}],"curies":[{"name":"wp","href":"https:\/\/api.w.org\/{rel}","templated":true}]}}