{"id":484086,"date":"2017-06-18T13:22:04","date_gmt":"2017-06-18T18:22:04","guid":{"rendered":"https:\/\/www.futboltotal.com.mx\/?p=484086"},"modified":"2017-06-18T13:57:29","modified_gmt":"2017-06-18T18:57:29","slug":"uso-la-tecnologia-le-salvo-pellejo-a-mexico","status":"publish","type":"post","link":"http:\/\/desarrollo.grupomedios.com\/futbol\/futbol-internacional\/uso-la-tecnologia-le-salvo-pellejo-a-mexico\/2017\/06","title":{"rendered":"El uso de la tecnolog\u00eda le salv\u00f3 el pellejo a M\u00e9xico"},"content":{"rendered":"<p>La <strong>Copa Confederaciones<\/strong> tiene como novedad el uso de la <em>v\u00eddeo asistencia<\/em> en caso de que alguna jugada genere pol\u00e9mica, tal como pas\u00f3 en el encuentro entre <a href=\"https:\/\/www.futboltotal.com.mx\/2017\/06\/cuando-los-simpsons-predijeron-mexico-vs-portugal\/\" target=\"_blank\" rel=\"noopener noreferrer\"><span style=\"color: #333399;\"><strong>Portugal<\/strong><\/span><\/a> y <a href=\"https:\/\/www.futboltotal.com.mx\/2017\/06\/oribe-peralta-maximo-goleador-en-activo-liga-mx\/\" target=\"_blank\" rel=\"noopener noreferrer\"><span style=\"color: #333399;\"><strong>M\u00e9xico<\/strong><\/span><\/a>, en el debut del combinado nacional en el certamen, donde gracias al uso de la tecnolog\u00eda el \u00e1rbitro anul\u00f3 un gol al conjunto lusitano por posici\u00f3n fuera de lugar del defensor <strong>Pepe<\/strong>.<\/p>\n<p style=\"text-align: center;\"><a href=\"https:\/\/www.futboltotal.com.mx\/2017\/06\/resultados-mexico-2-2-portugal-copa-confederaciones\/\" target=\"_blank\" rel=\"noopener noreferrer\"><span style=\"color: #333399;\">VER M\u00c1S:\u00a0Moreno salv\u00f3 a M\u00e9xico en su debut en Confederaciones<\/span><\/a><\/p>\n<p>La jugada se dio al minuto 20 del encuentro, cuando <strong>Pepe<\/strong> sacando ventaja de su posici\u00f3n bati\u00f3 a <strong>Guillermo Ochoa<\/strong> y envi\u00f3 el esf\u00e9rico al fondo de la red, por lo que de inmediato <strong>N\u00e9stor Pitana<\/strong> hizo sonar su silbato y detuvo la celebraci\u00f3n para esperar las indicaciones de quienes se encontraban analizando la jugada.<\/p>\n<p style=\"text-align: center;\"><a href=\"https:\/\/www.futboltotal.com.mx\/2017\/06\/en-vivo-mexico-vs-portugal-copa-confederaciones-2017\/\" target=\"_blank\" rel=\"noopener noreferrer\"><span style=\"color: #333399;\">VER M\u00c1S:\u00a0AS\u00cd SE VIVI\u00d3 | Portugal 2-2 M\u00e9xico | Copa Confederaciones 2017<\/span><\/a><\/p>\n<p>Tras el veredicto de quienes analizaron lo ocurrido en el \u00e1rea mexicana, <strong>Pitana<\/strong> no dud\u00f3 en anular el gol de <strong>Portugal<\/strong> que pon\u00eda en desventaja al conjunto dirigido por <strong>Juan Carlos Osorio.<\/strong><\/p>\n<p>&nbsp;<\/p>\n<blockquote class=\"twitter-tweet\" data-lang=\"es\">\n<p dir=\"ltr\" lang=\"es\"><a href=\"https:\/\/twitter.com\/hashtag\/VAR?src=hash\">#VAR<\/a><\/p>\n<p>Gol anulado correctamente a Portugal.<\/p>\n<p>Pepe est\u00e1 en fuera de juego cuando disputa el bal\u00f3n con el defensor tras el pase de Moutinho <a href=\"https:\/\/t.co\/cHTerBVKLO\">pic.twitter.com\/cHTerBVKLO<\/a><\/p>\n<p>\u2014 Pasion Arbitral (@PasionArbitral) <a href=\"https:\/\/twitter.com\/PasionArbitral\/status\/876487224338132992\">18 de junio de 2017<\/a><\/p><\/blockquote>\n<p><script async src=\"\/\/platform.twitter.com\/widgets.js\" charset=\"utf-8\"><\/script><\/p>\n","protected":false},"excerpt":{"rendered":"<p>Gracias al uso de la tecnolog\u00eda de v\u00eddeo asistencia, M\u00e9xico igual\u00f3 ante Portugal, luego de que el central invalidara un gola a los lusos.<\/p>\n","protected":false},"author":20,"featured_media":484111,"comment_status":"closed","ping_status":"closed","sticky":false,"template":"","format":"standard","meta":[],"categories":[3868,3839],"tags":[1580,5991,6196,65,9047,176,715,9048],"_links":{"self":[{"href":"http:\/\/desarrollo.grupomedios.com\/futbol\/wp-json\/wp\/v2\/posts\/484086"}],"collection":[{"href":"http:\/\/desarrollo.grupomedios.com\/futbol\/wp-json\/wp\/v2\/posts"}],"about":[{"href":"http:\/\/desarrollo.grupomedios.com\/futbol\/wp-json\/wp\/v2\/types\/post"}],"author":[{"embeddable":true,"href":"http:\/\/desarrollo.grupomedios.com\/futbol\/wp-json\/wp\/v2\/users\/20"}],"replies":[{"embeddable":true,"href":"http:\/\/desarrollo.grupomedios.com\/futbol\/wp-json\/wp\/v2\/comments?post=484086"}],"version-history":[{"count":2,"href":"http:\/\/desarrollo.grupomedios.com\/futbol\/wp-json\/wp\/v2\/posts\/484086\/revisions"}],"predecessor-version":[{"id":484116,"href":"http:\/\/desarrollo.grupomedios.com\/futbol\/wp-json\/wp\/v2\/posts\/484086\/revisions\/484116"}],"wp:featuredmedia":[{"embeddable":true,"href":"http:\/\/desarrollo.grupomedios.com\/futbol\/wp-json\/wp\/v2\/media\/484111"}],"wp:attachment":[{"href":"http:\/\/desarrollo.grupomedios.com\/futbol\/wp-json\/wp\/v2\/media?parent=484086"}],"wp:term":[{"taxonomy":"category","embeddable":true,"href":"http:\/\/desarrollo.grupomedios.com\/futbol\/wp-json\/wp\/v2\/categories?post=484086"},{"taxonomy":"post_tag","embeddable":true,"href":"http:\/\/desarrollo.grupomedios.com\/futbol\/wp-json\/wp\/v2\/tags?post=484086"}],"curies":[{"name":"wp","href":"https:\/\/api.w.org\/{rel}","templated":true}]}}