{"id":484146,"date":"2017-06-18T10:01:24","date_gmt":"2017-06-18T15:01:24","guid":{"rendered":"https:\/\/www.futboltotal.com.mx\/?p=484146"},"modified":"2017-06-18T16:40:54","modified_gmt":"2017-06-18T21:40:54","slug":"mexico-merecio-ganar-partido-juan-carlos-osorio","status":"publish","type":"post","link":"http:\/\/desarrollo.grupomedios.com\/futbol\/destacado-home\/mexico-merecio-ganar-partido-juan-carlos-osorio\/2017\/06","title":{"rendered":"M\u00e9xico mereci\u00f3 ganar el partido: Juan Carlos Osorio"},"content":{"rendered":"<p>A pesar de que no se consigui\u00f3 la victoria ante Portugal, el t\u00e9cnico colombiano, <strong>Juan Carlos Osorio<\/strong>, confes\u00f3 que el empate los acerca a semifinales porque no perdieron contra el m\u00e1s fuerte del grupo y consider\u00f3 que su equipo pudo haber ganado el partido.<\/p>\n<blockquote><p>\u201cLogramos casi el 60 de la posesi\u00f3n versus el 40 de Portugal y creo que a partir de ah\u00ed es muy meritorio y muy elogiable lo que hizo <strong>M\u00e9xico<\/strong> hoy, jugar contra el actual campe\u00f3n de Europa, plantearle un partido mano a mano.<\/p>\n<p>\u201cQue al final ellos hayan tenido que modificar tambi\u00e9n pensamos que dice mucho del planteamiento del mismo y la ejecuci\u00f3n por parte de<strong> M\u00e9xico<\/strong>, el controlar a un equipo que inici\u00f3 con tres extremos de alto nivel\u201d, expres\u00f3 en conferencia de prensa.<\/p><\/blockquote>\n<p style=\"text-align: center;\"><span style=\"color: #3366ff;\"><a style=\"color: #3366ff;\" href=\"https:\/\/www.futboltotal.com.mx\/2017\/06\/resultados-mexico-2-2-portugal-copa-confederaciones\/\">VER M\u00c1S: Moreno salv\u00f3 a M\u00e9xico de caer ante Portugal<\/a><\/span><\/p>\n<p>El combiano explic\u00f3 que la salida de Carlos Vela por Giovani era parte del plan original, darle alrededor de 30 minutos a cualquiera de los dos como sustituto.<\/p>\n<p>Adem\u00e1s, elogi\u00f3 la manera como jug\u00f3 Chicharito, no solo por su gol sino por el juego que le dise\u00f1\u00f3, aparentemente aislado como extremo izquierdo, pero justo para que Ra\u00fal Jim\u00e9nez jalara marcas y Hern\u00e1ndez pudiera sorprender al entrar al \u00e1rea.<\/p>\n<blockquote><p>\u201cEn el segundo tiempo, lo mismo, ellos repliegan, no s\u00e9 si por decisi\u00f3n propia o por m\u00e9ritos nuestros, pero si queda claro que jugaron a transiciones defensa-ataque (contragolpes) y de esa manera consiguieron sus goles\u201d, a\u00f1adi\u00f3.<\/p>\n<p>\u201cNosotros jugamos a elaborar el juego y de esa manera no solo pudimos concretar y conseguir otras ocasiones, sino que nosotros jugamos a elaborar el juego y de esa manera al final nos premia para un gran resultado del futbol mexicano\u201d.<\/p><\/blockquote>\n<p><em>*Con informaci\u00f3n de Mediotiempo<\/em><\/p>\n","protected":false},"excerpt":{"rendered":"<p>A pesar de que no se consigui\u00f3 la victoria ante Portugal, el t\u00e9cnico colombiano, Juan Carlos Osorio, confes\u00f3 que el empate los acerca a semifinales porque no perdieron contra el m\u00e1s fuerte del grupo y consider\u00f3 que su equipo pudo haber ganado el partido. \u201cLogramos casi el 60 de la posesi\u00f3n versus el 40 de [&hellip;]<\/p>\n","protected":false},"author":129,"featured_media":484151,"comment_status":"closed","ping_status":"closed","sticky":false,"template":"","format":"standard","meta":[],"categories":[5,2198],"tags":[1580,6196,65,715],"_links":{"self":[{"href":"http:\/\/desarrollo.grupomedios.com\/futbol\/wp-json\/wp\/v2\/posts\/484146"}],"collection":[{"href":"http:\/\/desarrollo.grupomedios.com\/futbol\/wp-json\/wp\/v2\/posts"}],"about":[{"href":"http:\/\/desarrollo.grupomedios.com\/futbol\/wp-json\/wp\/v2\/types\/post"}],"author":[{"embeddable":true,"href":"http:\/\/desarrollo.grupomedios.com\/futbol\/wp-json\/wp\/v2\/users\/129"}],"replies":[{"embeddable":true,"href":"http:\/\/desarrollo.grupomedios.com\/futbol\/wp-json\/wp\/v2\/comments?post=484146"}],"version-history":[{"count":1,"href":"http:\/\/desarrollo.grupomedios.com\/futbol\/wp-json\/wp\/v2\/posts\/484146\/revisions"}],"predecessor-version":[{"id":484152,"href":"http:\/\/desarrollo.grupomedios.com\/futbol\/wp-json\/wp\/v2\/posts\/484146\/revisions\/484152"}],"wp:featuredmedia":[{"embeddable":true,"href":"http:\/\/desarrollo.grupomedios.com\/futbol\/wp-json\/wp\/v2\/media\/484151"}],"wp:attachment":[{"href":"http:\/\/desarrollo.grupomedios.com\/futbol\/wp-json\/wp\/v2\/media?parent=484146"}],"wp:term":[{"taxonomy":"category","embeddable":true,"href":"http:\/\/desarrollo.grupomedios.com\/futbol\/wp-json\/wp\/v2\/categories?post=484146"},{"taxonomy":"post_tag","embeddable":true,"href":"http:\/\/desarrollo.grupomedios.com\/futbol\/wp-json\/wp\/v2\/tags?post=484146"}],"curies":[{"name":"wp","href":"https:\/\/api.w.org\/{rel}","templated":true}]}}