{"id":484161,"date":"2017-06-19T09:05:54","date_gmt":"2017-06-19T14:05:54","guid":{"rendered":"https:\/\/www.futboltotal.com.mx\/?p=484161"},"modified":"2017-06-19T12:14:18","modified_gmt":"2017-06-19T17:14:18","slug":"en-vivo-australia-vs-alemania-copa-confederaciones","status":"publish","type":"post","link":"http:\/\/desarrollo.grupomedios.com\/futbol\/futbol-internacional\/en-vivo-australia-vs-alemania-copa-confederaciones\/2017\/06","title":{"rendered":"AS\u00cd SE VIVI\u00d3 | Australia 2-3 Alemania | Copa Confederaciones"},"content":{"rendered":"<p style=\"text-align: center;\"><span style=\"color: #3366ff;\"><a style=\"color: #3366ff;\" href=\"https:\/\/en-vivo.futboltotal.com.mx\/partido\/australia-vs-alemania-copa-confederaciones-rusia-2017\/116\/\" target=\"_blank\" rel=\"noopener noreferrer\">SIGUE EL PARTIDO EN VIVO AUSTRALIA VS ALEMANIA DANDO CLIC AQU\u00cd<\/a><\/span><\/p>\n<p>La<strong> Selecci\u00f3n de Alemania<\/strong> buscar\u00e1 mantener su dominio en el Mundo del futbol cuando inicie su participaci\u00f3n en el Grupo B de la <strong>Copa Confederaciones<\/strong> de Rusia 2017 al enfrentar a<strong> Australia<\/strong>.<\/p>\n<p>Con un equipo totalmente renovado al que gan\u00f3 el Mundial en Brasil 2014,<strong> Alemania<\/strong> buscar\u00e1 dar fogeo a su nueva generaci\u00f3n de j\u00f3venes, pues es el equipo m\u00e1s joven del torneo y la mayor\u00eda de ellos pertenecen a la Bundesliga.<\/p>\n<p style=\"text-align: center;\"><span style=\"color: #3366ff;\"><a style=\"color: #3366ff;\" href=\"https:\/\/en-vivo.futboltotal.com.mx\/partido\/australia-vs-alemania-copa-confederaciones-rusia-2017\/116\/\">SIGUE EL PARTIDO EN VIVO AUSTRALIA VS ALEMANIA DANDO CLIC AQU\u00cd<\/a><\/span><\/p>\n<p>El t\u00e9cnico Campe\u00f3n del Mundo, Joachim L\u00f6w llega con Julian Draxler como su m\u00e1xima figura, pues el jugador del PSG deber\u00e1 aprovechar la ausencia de jugadores como Toni Kroos o Thomas Muller para hacerse en un lugar.<\/p>\n<p><strong>Australia<\/strong>, por su parte, llegan por primera vez a la<strong> Copa Confederaciones<\/strong> como campe\u00f3n de la Copa Asi\u00e1tica -anteriormente lo hicieron como Campe\u00f3n de Ocean\u00eda- donde derrotaron a Corea del Sur.<\/p>\n<p>Los Canguros buscar\u00e1n dar la sorpresa como lo hicieron en la edici\u00f3n de 1997 y de 2001, donde se clasificaron a las Semifinales de la Copa Confederaciones.<\/p>\n<p>Los enfrentamientos m\u00e1s recientes entre Alemania y Australia son: un amistoso, donde empataron 2-2, en 2015 y en la Copa del Mundo de Sud\u00e1frica 2010, donde los europeos aplastaron 4-0 a los de ocean\u00eda.<\/p>\n","protected":false},"excerpt":{"rendered":"<p>La Selecci\u00f3n de Australia buscar\u00e1 dar una sorpresa ante el vigente Campe\u00f3n del Mundo.<\/p>\n","protected":false},"author":129,"featured_media":484166,"comment_status":"closed","ping_status":"closed","sticky":false,"template":"","format":"standard","meta":[],"categories":[3839],"tags":[6000,636,1580],"_links":{"self":[{"href":"http:\/\/desarrollo.grupomedios.com\/futbol\/wp-json\/wp\/v2\/posts\/484161"}],"collection":[{"href":"http:\/\/desarrollo.grupomedios.com\/futbol\/wp-json\/wp\/v2\/posts"}],"about":[{"href":"http:\/\/desarrollo.grupomedios.com\/futbol\/wp-json\/wp\/v2\/types\/post"}],"author":[{"embeddable":true,"href":"http:\/\/desarrollo.grupomedios.com\/futbol\/wp-json\/wp\/v2\/users\/129"}],"replies":[{"embeddable":true,"href":"http:\/\/desarrollo.grupomedios.com\/futbol\/wp-json\/wp\/v2\/comments?post=484161"}],"version-history":[{"count":4,"href":"http:\/\/desarrollo.grupomedios.com\/futbol\/wp-json\/wp\/v2\/posts\/484161\/revisions"}],"predecessor-version":[{"id":484220,"href":"http:\/\/desarrollo.grupomedios.com\/futbol\/wp-json\/wp\/v2\/posts\/484161\/revisions\/484220"}],"wp:featuredmedia":[{"embeddable":true,"href":"http:\/\/desarrollo.grupomedios.com\/futbol\/wp-json\/wp\/v2\/media\/484166"}],"wp:attachment":[{"href":"http:\/\/desarrollo.grupomedios.com\/futbol\/wp-json\/wp\/v2\/media?parent=484161"}],"wp:term":[{"taxonomy":"category","embeddable":true,"href":"http:\/\/desarrollo.grupomedios.com\/futbol\/wp-json\/wp\/v2\/categories?post=484161"},{"taxonomy":"post_tag","embeddable":true,"href":"http:\/\/desarrollo.grupomedios.com\/futbol\/wp-json\/wp\/v2\/tags?post=484161"}],"curies":[{"name":"wp","href":"https:\/\/api.w.org\/{rel}","templated":true}]}}