{"id":484181,"date":"2017-06-18T20:32:48","date_gmt":"2017-06-19T01:32:48","guid":{"rendered":"https:\/\/www.futboltotal.com.mx\/?p=484181"},"modified":"2017-06-18T20:32:48","modified_gmt":"2017-06-19T01:32:48","slug":"cruz-azul-tendria-amarrado-a-jugador-del-alaves-de-espana","status":"publish","type":"post","link":"http:\/\/desarrollo.grupomedios.com\/futbol\/futbol-mexicano\/cruz-azul-tendria-amarrado-a-jugador-del-alaves-de-espana\/2017\/06","title":{"rendered":"Cruz Azul tendr\u00eda refuerzo espa\u00f1ol casi cerrado"},"content":{"rendered":"<p><strong><a href=\"https:\/\/www.futboltotal.com.mx\/2017\/06\/paco-jemez-buscaria-alvaro-negredo-fiche-cruz-azul\/\" target=\"_blank\" rel=\"noopener noreferrer\"><span style=\"color: #333399;\">Paco J\u00e9mez<\/span><\/a>,<\/strong> director t\u00e9cnico de <a href=\"https:\/\/www.futboltotal.com.mx\/2017\/06\/prensa-chilena-ya-coloca-a-felipe-mora-en-cruz-azul\/\" target=\"_blank\" rel=\"noopener noreferrer\"><span style=\"color: #333399;\"><strong>Cruz Azul<\/strong><\/span><\/a>, visit\u00f3<strong> Espa\u00f1a<\/strong> y su viaje podr\u00eda rendir frutos a los de <a href=\"https:\/\/www.futboltotal.com.mx\/2017\/06\/se-le-escapa-refuerzo-a-cruz-azul\/\" target=\"_blank\" rel=\"noopener noreferrer\"><span style=\"color: #333399;\">La Noria <\/span><\/a>en cuesti\u00f3n de fichajes, ya que los celestes se encuentran negociando el fichaje de <strong>Edgar M\u00e9ndez,<\/strong>\u00a0jugador que disput\u00f3 la temporada pasado con el <strong>Alav\u00e9s<\/strong>.<\/p>\n<p style=\"text-align: center;\"><a href=\"https:\/\/www.futboltotal.com.mx\/2017\/06\/panel-fifa-propone-encuentros-sesenta-minutos\/\" target=\"_blank\" rel=\"noopener noreferrer\"><span style=\"color: #333399;\">VER M\u00c1S:\u00a0Panel de FIFA propone encuentros de 60 minutos<\/span><\/a><\/p>\n<p>El futbolista espa\u00f1ol valuado en 2 millones de euros seg\u00fan <strong>Transfermarkt<\/strong> y que la temporada pasada visti\u00f3 los colores del Alav\u00e9s, es un jugador que posee gran t\u00e9cnica y se desempe\u00f1a por las bandas, principalmente por el sector izquierdo y en ocasiones suele hacerlo a perfil cambiado, pese a medir 1.87 metros de altura.<\/p>\n<p style=\"text-align: center;\"><a href=\"https:\/\/www.futboltotal.com.mx\/2017\/06\/reyes-tiene-ofertas-interesantes-su-representante\/\" target=\"_blank\" rel=\"noopener noreferrer\"><span style=\"color: #333399;\">VER M\u00c1S:\u00a0Representante de Diego Reyes asegura que tiene ofertas interesantes<\/span><\/a><\/p>\n<p>A sus 27 a\u00f1os, <strong>M\u00e9ndez<\/strong> ha militado en 8 equipos de <strong>Espa\u00f1a<\/strong>, en su mayor\u00eda equipos por debajo del m\u00e1ximo circuito, incluido el <strong>Real Madrid C<\/strong>, sin embargo, abandon\u00f3 a los merengues en 2009.<\/p>\n","protected":false},"excerpt":{"rendered":"<p>Edgar M\u00e9ndez podr\u00eda convertirse en jugador de Cruz Azul, ya que la directiva celeste se encuentra negociando su fichaje,<\/p>\n","protected":false},"author":20,"featured_media":484184,"comment_status":"closed","ping_status":"closed","sticky":false,"template":"","format":"standard","meta":[],"categories":[7740,3839,2198,3845],"tags":[7652,5962,9064,8748,1026,7053],"_links":{"self":[{"href":"http:\/\/desarrollo.grupomedios.com\/futbol\/wp-json\/wp\/v2\/posts\/484181"}],"collection":[{"href":"http:\/\/desarrollo.grupomedios.com\/futbol\/wp-json\/wp\/v2\/posts"}],"about":[{"href":"http:\/\/desarrollo.grupomedios.com\/futbol\/wp-json\/wp\/v2\/types\/post"}],"author":[{"embeddable":true,"href":"http:\/\/desarrollo.grupomedios.com\/futbol\/wp-json\/wp\/v2\/users\/20"}],"replies":[{"embeddable":true,"href":"http:\/\/desarrollo.grupomedios.com\/futbol\/wp-json\/wp\/v2\/comments?post=484181"}],"version-history":[{"count":1,"href":"http:\/\/desarrollo.grupomedios.com\/futbol\/wp-json\/wp\/v2\/posts\/484181\/revisions"}],"predecessor-version":[{"id":484185,"href":"http:\/\/desarrollo.grupomedios.com\/futbol\/wp-json\/wp\/v2\/posts\/484181\/revisions\/484185"}],"wp:featuredmedia":[{"embeddable":true,"href":"http:\/\/desarrollo.grupomedios.com\/futbol\/wp-json\/wp\/v2\/media\/484184"}],"wp:attachment":[{"href":"http:\/\/desarrollo.grupomedios.com\/futbol\/wp-json\/wp\/v2\/media?parent=484181"}],"wp:term":[{"taxonomy":"category","embeddable":true,"href":"http:\/\/desarrollo.grupomedios.com\/futbol\/wp-json\/wp\/v2\/categories?post=484181"},{"taxonomy":"post_tag","embeddable":true,"href":"http:\/\/desarrollo.grupomedios.com\/futbol\/wp-json\/wp\/v2\/tags?post=484181"}],"curies":[{"name":"wp","href":"https:\/\/api.w.org\/{rel}","templated":true}]}}