{"id":484217,"date":"2017-06-19T12:19:51","date_gmt":"2017-06-19T17:19:51","guid":{"rendered":"https:\/\/www.futboltotal.com.mx\/?p=484217"},"modified":"2017-06-19T13:15:17","modified_gmt":"2017-06-19T18:15:17","slug":"chucky-lozano-no-viajo-con-mexico-para-firmar-contrato-psv","status":"publish","type":"post","link":"http:\/\/desarrollo.grupomedios.com\/futbol\/futbol-mexicano\/chucky-lozano-no-viajo-con-mexico-para-firmar-contrato-psv\/2017\/06","title":{"rendered":"Chucky Lozano no viaj\u00f3 con el Tri para firmar contrato con PSV"},"content":{"rendered":"<p>El delantero mexicano <strong>Hirving Lozano<\/strong> no lleg\u00f3 junto con la <strong>Selecci\u00f3n de M\u00e9xico<\/strong> a Sochi, Rusia, sede donde el <em><strong>Tri<\/strong><\/em> disputar\u00e1 su segundo partido de la <strong>Copa Confederaciones 2017<\/strong> ante <strong>Nueva Zelanda<\/strong>, debido a que el <em><strong>Chucky<\/strong><\/em>\u00a0dej\u00f3 moment\u00e1neamente la concentraci\u00f3n azteca para firmar contrato con el que <a href=\"https:\/\/www.futboltotal.com.mx\/2017\/06\/lozano-se-uniria-a-guardado-en-el-psv\/\" target=\"_blank\" rel=\"noopener noreferrer\"><span style=\"color: #333399;\">ser\u00e1 su nuevo club, el <strong>PSV Eindhoven<\/strong><\/span><\/a>.<\/p>\n<p>En d\u00edas pasados se revel\u00f3 que el <strong><em>Chucky<\/em><\/strong> dejar\u00e1 al <strong>Pachuca<\/strong> para finalmente dar el salto al futbol europeo, espec\u00edficamente a la <strong>Eredivisie<\/strong> holandesa para jugar con el <strong>PSV<\/strong>, donde tambi\u00e9n se encuentra su compatriota <strong>Andr\u00e9s Guardado<\/strong> y hasta hace unos d\u00edas el central <a href=\"https:\/\/www.futboltotal.com.mx\/2017\/06\/hector-moreno-nuevo-jugador-la-roma\/\" target=\"_blank\" rel=\"noopener noreferrer\"><span style=\"color: #333399;\"><strong>H\u00e9ctor Moreno<\/strong>, quien parti\u00f3 a la <strong>Roma<\/strong><\/span><\/a>.<\/p>\n<p style=\"text-align: center;\"><a href=\"https:\/\/www.futboltotal.com.mx\/2017\/06\/bayern-munich-analizaria-pagar-200-millones-cristiano-ronaldo\/\" target=\"_blank\" rel=\"noopener noreferrer\"><span style=\"color: #333399;\">VER M\u00c1S: Bayern Munich analizar\u00eda pagar 200 millones por Cristiano Ronaldo<\/span><\/a><\/p>\n<p><strong>Lozano<\/strong> no vio acci\u00f3n en <a href=\"https:\/\/www.futboltotal.com.mx\/2017\/06\/resultados-mexico-2-2-portugal-copa-confederaciones\/\" target=\"_blank\" rel=\"noopener noreferrer\"><span style=\"color: #333399;\">el empate del <em>Tri<\/em> ante <strong>Portugal<\/strong><\/span><\/a> y dej\u00f3 la concentraci\u00f3n mexicana para finiquitar su contrataci\u00f3n con el equipo <em>Granjero<\/em>, y una vez que el <em><strong>Chucky<\/strong><\/em> resuelva su futuro a nivel de clubes volver\u00e1 de inmediato con el equipo dirigido por el colombiano <strong>Juan Carlos Osorio<\/strong> y\u00a0estar listo para el duelo ante los neozelandeses este mi\u00e9rcoles 21 de junio.<\/p>\n<p>Seg\u00fan report\u00f3 ESPN, <strong>Osorio<\/strong> confes\u00f3 que <strong>Lozano<\/strong> se encontraba distra\u00eddo en la concentraci\u00f3n del <em><strong>Tri<\/strong><\/em> en la Confederaciones a causas de los rumores sobre su futuro, por lo que le permiti\u00f3 dejar la concentraci\u00f3n para que viajara a resolver su futuro y as\u00ed ya pudiera enfocarse por completo en lo deportivo.<\/p>\n<p style=\"text-align: center;\"><a href=\"https:\/\/www.futboltotal.com.mx\/2017\/06\/cruz-azul-quiso-fichar-a-delanteros-tigres-toluca\/\" target=\"_blank\" rel=\"noopener noreferrer\"><span style=\"color: #333399;\">VER M\u00c1S: Cruz Azul quiso fichar a delanteros de Tigres y Toluca<\/span><\/a><\/p>\n","protected":false},"excerpt":{"rendered":"<p>Hirving Lozano no lleg\u00f3 junto con la Selecci\u00f3n de M\u00e9xico a Sochi, Rusia.<\/p>\n","protected":false},"author":20,"featured_media":481766,"comment_status":"closed","ping_status":"closed","sticky":false,"template":"","format":"standard","meta":[],"categories":[3868,7740,3839,2198,6718,3847],"tags":[6944,5196,5968,3224,3718,409],"_links":{"self":[{"href":"http:\/\/desarrollo.grupomedios.com\/futbol\/wp-json\/wp\/v2\/posts\/484217"}],"collection":[{"href":"http:\/\/desarrollo.grupomedios.com\/futbol\/wp-json\/wp\/v2\/posts"}],"about":[{"href":"http:\/\/desarrollo.grupomedios.com\/futbol\/wp-json\/wp\/v2\/types\/post"}],"author":[{"embeddable":true,"href":"http:\/\/desarrollo.grupomedios.com\/futbol\/wp-json\/wp\/v2\/users\/20"}],"replies":[{"embeddable":true,"href":"http:\/\/desarrollo.grupomedios.com\/futbol\/wp-json\/wp\/v2\/comments?post=484217"}],"version-history":[{"count":2,"href":"http:\/\/desarrollo.grupomedios.com\/futbol\/wp-json\/wp\/v2\/posts\/484217\/revisions"}],"predecessor-version":[{"id":484243,"href":"http:\/\/desarrollo.grupomedios.com\/futbol\/wp-json\/wp\/v2\/posts\/484217\/revisions\/484243"}],"wp:featuredmedia":[{"embeddable":true,"href":"http:\/\/desarrollo.grupomedios.com\/futbol\/wp-json\/wp\/v2\/media\/481766"}],"wp:attachment":[{"href":"http:\/\/desarrollo.grupomedios.com\/futbol\/wp-json\/wp\/v2\/media?parent=484217"}],"wp:term":[{"taxonomy":"category","embeddable":true,"href":"http:\/\/desarrollo.grupomedios.com\/futbol\/wp-json\/wp\/v2\/categories?post=484217"},{"taxonomy":"post_tag","embeddable":true,"href":"http:\/\/desarrollo.grupomedios.com\/futbol\/wp-json\/wp\/v2\/tags?post=484217"}],"curies":[{"name":"wp","href":"https:\/\/api.w.org\/{rel}","templated":true}]}}