{"id":484228,"date":"2017-06-19T12:45:40","date_gmt":"2017-06-19T17:45:40","guid":{"rendered":"https:\/\/www.futboltotal.com.mx\/?p=484228"},"modified":"2017-06-19T12:45:40","modified_gmt":"2017-06-19T17:45:40","slug":"madrid-ninguno-mbappe","status":"publish","type":"post","link":"http:\/\/desarrollo.grupomedios.com\/futbol\/futbol-internacional\/madrid-ninguno-mbappe\/2017\/06","title":{"rendered":"&#8220;O el Madrid o ninguno&#8221;: Mbapp\u00e9"},"content":{"rendered":"<p>Muchos son los interesados en la nueva joya del futbol franc\u00e9s, <a href=\"https:\/\/www.futboltotal.com.mx\/2017\/06\/psg-buscara-fichar-a-mbappe-a-james-rodriguez\/\" target=\"_blank\" rel=\"noopener noreferrer\"><span style=\"color: #333399;\"><strong>Kylian Mbapp\u00e9<\/strong><\/span><\/a>, sin embargo, de acuerdo con informaci\u00f3n de Marca el jugador habr\u00eda confesado que \u00fanicamente saldr\u00eda del <a href=\"https:\/\/www.futboltotal.com.mx\/2017\/05\/bernardo-silva-fichaje-manchester-city\/\" target=\"_blank\" rel=\"noopener noreferrer\"><span style=\"color: #333399;\"><strong>M\u00f3naco<\/strong><\/span><\/a> para fichar con el <a href=\"https:\/\/www.futboltotal.com.mx\/2017\/06\/nuevo-uniforme-del-real-madrid-llega-a-mexico-en-tienda-oficial\/\" target=\"_blank\" rel=\"noopener noreferrer\"><span style=\"color: #333399;\"><strong>Real Madrid<\/strong><\/span><\/a>.<\/p>\n<p style=\"text-align: center;\"><a href=\"https:\/\/www.futboltotal.com.mx\/2017\/06\/chucky-lozano-no-viajo-con-mexico-para-firmar-contrato-psv\/\" target=\"_blank\" rel=\"noopener noreferrer\"><span style=\"color: #333399;\">VER M\u00c1S:\u00a0Chucky Lozano no viaj\u00f3 con el Tri para firmar contrato con PSV<\/span><\/a><\/p>\n<p>Durante la reuni\u00f3n que sostuvo <strong>Mbapp\u00e9<\/strong> con el presidente del conjunto galo, <strong>Dmitri Rybol\u00f3lev<\/strong>, el talentoso futbolista de 18 a\u00f1os, le habr\u00eda hecho saber al directivo que su futuro estar\u00eda en el club merengue. \u201cO al Real Madrid o a ninguno\u201d.<\/p>\n<p style=\"text-align: center;\"><a href=\"https:\/\/www.futboltotal.com.mx\/2017\/06\/resultados-australia-2-3-alemania-copa-confederaciones\/\" target=\"_blank\" rel=\"noopener noreferrer\"><span style=\"color: #333399;\">VER M\u00c1S:\u00a0Alemania sufri\u00f3 de m\u00e1s, pero pudo vencer a Australia<\/span><\/a><\/p>\n<p>Ante la posible salida de <a href=\"https:\/\/www.futboltotal.com.mx\/2017\/06\/cristiano-ronaldo-quiere-irse-espana\/\" target=\"_blank\" rel=\"noopener noreferrer\"><span style=\"color: #333399;\"><strong>Cristiano Ronaldo<\/strong><\/span><\/a> del cuadro dirigido por <strong>Zinedine Zidane<\/strong>, la llegada del jugador del <strong>M\u00f3naco<\/strong> podr\u00eda acelerarse. En caso de concretarse su traspaso, <strong>Mbapp\u00e9<\/strong> se quedar\u00eda un a\u00f1o m\u00e1s con los franceses para aumentar su experiencia, y posteriormente arribar\u00eda a la escuadra espa\u00f1ola.<\/p>\n","protected":false},"excerpt":{"rendered":"<p>Kylian Mbapp\u00e9 no quiere irse a ning\u00fan otro club que no sea el Real Madrid.<\/p>\n","protected":false},"author":20,"featured_media":483177,"comment_status":"closed","ping_status":"closed","sticky":false,"template":"","format":"standard","meta":[],"categories":[3839],"tags":[6013,9068,8525,6093,5988,9067],"_links":{"self":[{"href":"http:\/\/desarrollo.grupomedios.com\/futbol\/wp-json\/wp\/v2\/posts\/484228"}],"collection":[{"href":"http:\/\/desarrollo.grupomedios.com\/futbol\/wp-json\/wp\/v2\/posts"}],"about":[{"href":"http:\/\/desarrollo.grupomedios.com\/futbol\/wp-json\/wp\/v2\/types\/post"}],"author":[{"embeddable":true,"href":"http:\/\/desarrollo.grupomedios.com\/futbol\/wp-json\/wp\/v2\/users\/20"}],"replies":[{"embeddable":true,"href":"http:\/\/desarrollo.grupomedios.com\/futbol\/wp-json\/wp\/v2\/comments?post=484228"}],"version-history":[{"count":1,"href":"http:\/\/desarrollo.grupomedios.com\/futbol\/wp-json\/wp\/v2\/posts\/484228\/revisions"}],"predecessor-version":[{"id":484235,"href":"http:\/\/desarrollo.grupomedios.com\/futbol\/wp-json\/wp\/v2\/posts\/484228\/revisions\/484235"}],"wp:featuredmedia":[{"embeddable":true,"href":"http:\/\/desarrollo.grupomedios.com\/futbol\/wp-json\/wp\/v2\/media\/483177"}],"wp:attachment":[{"href":"http:\/\/desarrollo.grupomedios.com\/futbol\/wp-json\/wp\/v2\/media?parent=484228"}],"wp:term":[{"taxonomy":"category","embeddable":true,"href":"http:\/\/desarrollo.grupomedios.com\/futbol\/wp-json\/wp\/v2\/categories?post=484228"},{"taxonomy":"post_tag","embeddable":true,"href":"http:\/\/desarrollo.grupomedios.com\/futbol\/wp-json\/wp\/v2\/tags?post=484228"}],"curies":[{"name":"wp","href":"https:\/\/api.w.org\/{rel}","templated":true}]}}