{"id":484231,"date":"2017-06-19T12:46:54","date_gmt":"2017-06-19T17:46:54","guid":{"rendered":"https:\/\/www.futboltotal.com.mx\/?p=484231"},"modified":"2017-06-19T13:54:17","modified_gmt":"2017-06-19T18:54:17","slug":"paolo-maldini-regresara-a-las-canchas-tenis","status":"publish","type":"post","link":"http:\/\/desarrollo.grupomedios.com\/futbol\/futbol-internacional\/paolo-maldini-regresara-a-las-canchas-tenis\/2017\/06","title":{"rendered":"Paolo Maldini regresar\u00e1 a las canchas&#8230;\u00a1pero de tenis!"},"content":{"rendered":"<p>El exdefensa del Milan y de la selecci\u00f3n italiana<strong> Paolo Maldini<\/strong> participar\u00e1 desde el 26 de junio en el torneo de tenis profesional del club milan\u00e9s Aspria Harbour y competir\u00e1 en el cuadro de dobles junto a su entrenador, informa hoy la prensa italiana.<\/p>\n<p>Maldini y su t\u00e9cnico, Stefano Landonio, consiguieron una invitaci\u00f3n para la duod\u00e9cima edici\u00f3n del torneo de categor\u00eda Challenger que se jugar\u00e1 en Mil\u00e1n desde el 24 de junio al 2 de julio, inform\u00f3 el diario local <em>Il Tenis Italiano<\/em>.<\/p>\n<p style=\"text-align: center;\"><span style=\"color: #3366ff;\"><a style=\"color: #3366ff;\" href=\"https:\/\/www.futboltotal.com.mx\/2017\/06\/bayern-munich-analizaria-pagar-200-millones-cristiano-ronaldo\/\">VER M\u00c1S: Bayern Munich analizar\u00eda pagar 200 millones por Cristiano Ronaldo<\/a><\/span><\/p>\n<blockquote><p>&#8220;<strong>Paolo<\/strong> (<strong>Maldini<\/strong>) cuenta con un buen saque y con buenos golpes. Adem\u00e1s est\u00e1 mejorando en las voleas. No tiene nada sobresaliente, pero tampoco tiene puntos d\u00e9biles&#8221;, asegur\u00f3 Landonio, en una entrevista difundida por el medio citado.<\/p><\/blockquote>\n<p>El exjugador, que conquist\u00f3 26 trofeos en su carrera, entre ellos cinco Ligas de Campeones, participar\u00e1 en un torneo del que formar\u00e1n parte tambi\u00e9n los espa\u00f1oles Marcel Granollers, n\u00famero 77 del r\u00e1nking ATP, y Tommy Robredo, que fue el quinto mejor del mundo y actual n\u00famero 201.<\/p>\n<p><img decoding=\"async\" src=\"http:\/\/cdn.tn.com.ar\/sites\/default\/files\/styles\/1366x765\/public\/2017\/06\/18\/maldinitennis.jpg\" alt=\"Resultado de imagen para paolo maldini tenis\" \/><\/p>\n<p>El evento milan\u00e9s contar\u00e1 adem\u00e1s con la presencia de dos tenistas argentinos, el campe\u00f3n de la edici\u00f3n 2015, Federico Delbonis (109 del r\u00e1nking), y Guido Pella (n\u00famero 112).<\/p>\n<p>El vigente campe\u00f3n en el individual de la denominada Aspria Tennis Cup es el italiano Marco Cecchinato, que se impuso en la final al serbio Laslo Djere. EFE<\/p>\n<p style=\"text-align: center;\"><span style=\"color: #3366ff;\"><a style=\"color: #3366ff;\" href=\"https:\/\/www.futboltotal.com.mx\/2017\/06\/psv-eindhoven-confirma-fichaje-del-chucky-lozano\/\">VER M\u00c1S: \u00a1PSV Eindhoven confirma fichaje del Chucky Lozano!<\/a><\/span><\/p>\n","protected":false},"excerpt":{"rendered":"<p>Maldini debutar\u00e1 en el tenis profesional.<\/p>\n","protected":false},"author":144,"featured_media":484234,"comment_status":"closed","ping_status":"closed","sticky":false,"template":"","format":"standard","meta":[],"categories":[5419,3839],"tags":[5460,6214,3895],"_links":{"self":[{"href":"http:\/\/desarrollo.grupomedios.com\/futbol\/wp-json\/wp\/v2\/posts\/484231"}],"collection":[{"href":"http:\/\/desarrollo.grupomedios.com\/futbol\/wp-json\/wp\/v2\/posts"}],"about":[{"href":"http:\/\/desarrollo.grupomedios.com\/futbol\/wp-json\/wp\/v2\/types\/post"}],"author":[{"embeddable":true,"href":"http:\/\/desarrollo.grupomedios.com\/futbol\/wp-json\/wp\/v2\/users\/144"}],"replies":[{"embeddable":true,"href":"http:\/\/desarrollo.grupomedios.com\/futbol\/wp-json\/wp\/v2\/comments?post=484231"}],"version-history":[{"count":2,"href":"http:\/\/desarrollo.grupomedios.com\/futbol\/wp-json\/wp\/v2\/posts\/484231\/revisions"}],"predecessor-version":[{"id":484254,"href":"http:\/\/desarrollo.grupomedios.com\/futbol\/wp-json\/wp\/v2\/posts\/484231\/revisions\/484254"}],"wp:featuredmedia":[{"embeddable":true,"href":"http:\/\/desarrollo.grupomedios.com\/futbol\/wp-json\/wp\/v2\/media\/484234"}],"wp:attachment":[{"href":"http:\/\/desarrollo.grupomedios.com\/futbol\/wp-json\/wp\/v2\/media?parent=484231"}],"wp:term":[{"taxonomy":"category","embeddable":true,"href":"http:\/\/desarrollo.grupomedios.com\/futbol\/wp-json\/wp\/v2\/categories?post=484231"},{"taxonomy":"post_tag","embeddable":true,"href":"http:\/\/desarrollo.grupomedios.com\/futbol\/wp-json\/wp\/v2\/tags?post=484231"}],"curies":[{"name":"wp","href":"https:\/\/api.w.org\/{rel}","templated":true}]}}