{"id":484239,"date":"2017-06-19T12:57:08","date_gmt":"2017-06-19T17:57:08","guid":{"rendered":"https:\/\/www.futboltotal.com.mx\/?p=484239"},"modified":"2017-06-19T13:14:58","modified_gmt":"2017-06-19T18:14:58","slug":"chucky-lozano-voy-a-dar-siempre-mejor-mi-por-psv","status":"publish","type":"post","link":"http:\/\/desarrollo.grupomedios.com\/futbol\/destacado-home\/chucky-lozano-voy-a-dar-siempre-mejor-mi-por-psv\/2017\/06","title":{"rendered":"Chucky Lozano: &#8220;Voy a dar siempre lo mejor de m\u00ed por el PSV&#8221;"},"content":{"rendered":"<p><a href=\"https:\/\/www.futboltotal.com.mx\/2017\/06\/psv-eindhoven-confirma-fichaje-del-chucky-lozano\/\"><span style=\"color: #333399;\"><strong>Hirving <em>Chucky<\/em> Lozano<\/strong>, nuevo jugador del <strong>PSV Eindhoven<\/strong><\/span><\/a> luego de que el equipo holand\u00e9s llegara a un acuerdo con el <strong>Pachuca<\/strong>, dio sus primeras declaraciones como jugador del conjunto holand\u00e9s.<\/p>\n<p>&#8220;Yo voy a tratar de dar siempre lo mejor de m\u00ed (por el <strong>PSV<\/strong>), voy a trabajar duro, voy a siempre el d\u00eda a d\u00eda hacerlo al m\u00e1ximo, voy a entregarme todos los partidos al m\u00e1ximo y tratar\u00e9 de hacer la diferencia siempre en el campo de juego&#8221;, declar\u00f3 en entrevista para el sitio oficial del conjunto <em>Granjero<\/em>.<\/p>\n<p><strong>Lozano<\/strong> acept\u00f3 que ya hab\u00eda hablado con sus compa\u00f1eros en <strong>Selecci\u00f3n Mexicana<\/strong>, <strong>Andr\u00e9s Guardado<\/strong>, quien tambi\u00e9n ser\u00e1 su compa\u00f1ero de equipo, y <strong>H\u00e9ctor<\/strong> <strong>Moreno<\/strong>, que acaba de dejar al club holand\u00e9s para jugar con la Roma, sobre lo que representa el <strong>PSV<\/strong>.<\/p>\n<p style=\"text-align: center;\"><a href=\"https:\/\/www.futboltotal.com.mx\/2017\/06\/bayern-munich-analizaria-pagar-200-millones-cristiano-ronaldo\/\" target=\"_blank\" rel=\"noopener noreferrer\"><span style=\"color: #333399;\">VER M\u00c1S: \u00bfBayern Munich analizar\u00eda pagar 200 millones por Cristiano Ronaldo?<\/span><\/a><\/p>\n<p>\u00a0<iframe loading=\"lazy\" src=\"https:\/\/www.youtube.com\/embed\/wm4_1_6mnyk\" frameborder=\"0\" allowfullscreen=\"allowfullscreen\"><\/iframe><\/p>\n<p>&#8220;(Me dijeron) que muy bien, que es un club muy bueno a futuro y (con) muy buen proyecto y que todo est\u00e1 muy bien: el club, el estadio, todo&#8221;, dijo el ya ex jugador de los <em><strong>Tuzos<\/strong><\/em>.<\/p>\n<p>El <em><strong>Chucky<\/strong><\/em> confes\u00f3 que experimenta sentimientos como nerviosismo y ansiedad, aunque tambi\u00e9n mucha adrenalina por querer empezar a entrenar con su nuevo equipo a la brevedad, aunque tendr\u00e1 que esperar a que <a href=\"https:\/\/www.futboltotal.com.mx\/2017\/06\/chucky-lozano-no-viajo-con-mexico-para-firmar-contrato-psv\/\" target=\"_blank\" rel=\"noopener noreferrer\"><span style=\"color: #333399;\">concluya su participaci\u00f3n con la <strong>Selecci\u00f3n Mexicana<\/strong> en la <strong>Copa Confederaciones 2017<\/strong><\/span><\/a>.<\/p>\n<p style=\"text-align: center;\"><a href=\"https:\/\/www.futboltotal.com.mx\/2017\/06\/cruz-azul-quiso-fichar-a-delanteros-tigres-toluca\/\" target=\"_blank\" rel=\"noopener noreferrer\"><span style=\"color: #333399;\">VER M\u00c1S: Cruz Azul intent\u00f3 fichar a delanteros de Tigres y Toluca<\/span><\/a><\/p>\n","protected":false},"excerpt":{"rendered":"<p>El ex jugador de Pachuca dio sus primeras palabras como jugador del PSV.<\/p>\n","protected":false},"author":20,"featured_media":484240,"comment_status":"closed","ping_status":"closed","sticky":false,"template":"","format":"standard","meta":[],"categories":[5,7740,3839,2198,3845,6718],"tags":[6944,5196,5968,3224],"_links":{"self":[{"href":"http:\/\/desarrollo.grupomedios.com\/futbol\/wp-json\/wp\/v2\/posts\/484239"}],"collection":[{"href":"http:\/\/desarrollo.grupomedios.com\/futbol\/wp-json\/wp\/v2\/posts"}],"about":[{"href":"http:\/\/desarrollo.grupomedios.com\/futbol\/wp-json\/wp\/v2\/types\/post"}],"author":[{"embeddable":true,"href":"http:\/\/desarrollo.grupomedios.com\/futbol\/wp-json\/wp\/v2\/users\/20"}],"replies":[{"embeddable":true,"href":"http:\/\/desarrollo.grupomedios.com\/futbol\/wp-json\/wp\/v2\/comments?post=484239"}],"version-history":[{"count":1,"href":"http:\/\/desarrollo.grupomedios.com\/futbol\/wp-json\/wp\/v2\/posts\/484239\/revisions"}],"predecessor-version":[{"id":484242,"href":"http:\/\/desarrollo.grupomedios.com\/futbol\/wp-json\/wp\/v2\/posts\/484239\/revisions\/484242"}],"wp:featuredmedia":[{"embeddable":true,"href":"http:\/\/desarrollo.grupomedios.com\/futbol\/wp-json\/wp\/v2\/media\/484240"}],"wp:attachment":[{"href":"http:\/\/desarrollo.grupomedios.com\/futbol\/wp-json\/wp\/v2\/media?parent=484239"}],"wp:term":[{"taxonomy":"category","embeddable":true,"href":"http:\/\/desarrollo.grupomedios.com\/futbol\/wp-json\/wp\/v2\/categories?post=484239"},{"taxonomy":"post_tag","embeddable":true,"href":"http:\/\/desarrollo.grupomedios.com\/futbol\/wp-json\/wp\/v2\/tags?post=484239"}],"curies":[{"name":"wp","href":"https:\/\/api.w.org\/{rel}","templated":true}]}}