{"id":484241,"date":"2017-06-19T13:29:07","date_gmt":"2017-06-19T18:29:07","guid":{"rendered":"https:\/\/www.futboltotal.com.mx\/?p=484241"},"modified":"2017-06-19T15:03:18","modified_gmt":"2017-06-19T20:03:18","slug":"jonathan-no-desea-jugar-en-la-mls-por-ahora","status":"publish","type":"post","link":"http:\/\/desarrollo.grupomedios.com\/futbol\/futbol-internacional\/jonathan-no-desea-jugar-en-la-mls-por-ahora\/2017\/06","title":{"rendered":"Jonathan Dos Santos le cierra la puertas a la MLS"},"content":{"rendered":"<p>En los \u00faltimos meses empez\u00f3 a circular el rumor de que <a href=\"https:\/\/www.futboltotal.com.mx\/2017\/05\/club-italiano-habria-impedido-llegada-jona-dos-santos-al-galaxy\/\" target=\"_blank\" rel=\"noopener noreferrer\"><span style=\"color: #333399;\"><strong>Jonathan Dos Santos<\/strong><\/span><\/a> saldr\u00eda del <a href=\"https:\/\/www.futboltotal.com.mx\/2017\/05\/villarreal-tendria-en-la-mira-a-andre-pierre-gignac\/\" target=\"_blank\" rel=\"noopener noreferrer\"><span style=\"color: #333399;\"><strong>Villarreal<\/strong><\/span><\/a> y se unir\u00eda a su hermano <a href=\"https:\/\/www.futboltotal.com.mx\/2017\/06\/giovani-dos-santos-habria-rechazado-oferta-tigres\/\" target=\"_blank\" rel=\"noopener noreferrer\"><span style=\"color: #333399;\"><strong>Giovani<\/strong><\/span><\/a> en <a href=\"https:\/\/www.futboltotal.com.mx\/2017\/06\/zlatan-se-uniria-a-las-filas-del-galaxy-de-la-mls\/\" target=\"_blank\" rel=\"noopener noreferrer\"><span style=\"color: #333399;\"><strong>Los \u00c1ngeles Galaxy<\/strong><\/span><\/a> de la <strong>MLS<\/strong>, sin embargo, tal parece que el menor de los <strong>Dos Santos<\/strong> no tiene pensado abandonar <strong>Espa\u00f1a<\/strong> por el momento.<\/p>\n<p>Poco a poco <em>Jona<\/em> se ha ido consolidando con el <em>Submarino Amarillo<\/em>, y cada vez son m\u00e1s los minutos que tiene, raz\u00f3n por la que no piensa en un cambio por el momento.<\/p>\n<p style=\"text-align: center;\"><a href=\"https:\/\/www.futboltotal.com.mx\/2017\/06\/madrid-ninguno-mbappe\/\"><span style=\"color: #333399;\">VER M\u00c1S:\u00a0\u201cO el Madrid o ninguno\u201d: Mbapp\u00e9<\/span><\/a><\/p>\n<p>\u201cNunca sabes qu\u00e9 puede pasar en un futuro, pero todav\u00eda tengo dos a\u00f1os de contrato con Villarreal\u201d, dijo<strong> Jonathan<\/strong>.<\/p>\n<p>Respecto a su evoluci\u00f3n futbolistica, misma que le ha hecho ganarse un lugar en el esquema de <strong>Juan Carlos Osorio<\/strong> dentro de la <a href=\"https:\/\/www.futboltotal.com.mx\/2017\/06\/resultados-mexico-2-2-portugal-copa-confederaciones\/\" target=\"_blank\" rel=\"noopener noreferrer\"><span style=\"color: #333399;\"><strong>Selecci\u00f3n Mexicana<\/strong><\/span><\/a>, el jugado respondi\u00f3: \u201cEs diferente cuando juegas en tu club que cuando juegas en la Selecci\u00f3n, pero estando en Europa, donde llevo casi 16 a\u00f1os jugando, as\u00ed que estoy a gusto jugando ese tipo de partidos\u201d.<\/p>\n<p style=\"text-align: center;\"><a href=\"https:\/\/www.futboltotal.com.mx\/2017\/06\/psv-eindhoven-confirma-fichaje-del-chucky-lozano\/\" target=\"_blank\" rel=\"noopener noreferrer\"><span style=\"color: #333399;\">VER M\u00c1S:\u00a0\u00a1PSV Eindhoven confirma fichaje del Chucky Lozano!<\/span><\/a><\/p>\n<p>\u201cEra lo que necesitaba en la Selecci\u00f3n, tener esa confianza del esntrenador, de mis compa\u00f1eros, tener esos minutos que nunca hab\u00eda tenido, as\u00ed que hay que seguir trabajando y demostrando para seguir adelante\u201d, finaliz\u00f3.<\/p>\n","protected":false},"excerpt":{"rendered":"<p>Jonathan dos Santos le cierra las puertas por ahora a la MLS y desea continuar su carrera en el Viejo Continente.<\/p>\n","protected":false},"author":20,"featured_media":484245,"comment_status":"closed","ping_status":"closed","sticky":false,"template":"","format":"standard","meta":[],"categories":[3839,6718],"tags":[253,416,5982,48,6196,9069,195,2607],"_links":{"self":[{"href":"http:\/\/desarrollo.grupomedios.com\/futbol\/wp-json\/wp\/v2\/posts\/484241"}],"collection":[{"href":"http:\/\/desarrollo.grupomedios.com\/futbol\/wp-json\/wp\/v2\/posts"}],"about":[{"href":"http:\/\/desarrollo.grupomedios.com\/futbol\/wp-json\/wp\/v2\/types\/post"}],"author":[{"embeddable":true,"href":"http:\/\/desarrollo.grupomedios.com\/futbol\/wp-json\/wp\/v2\/users\/20"}],"replies":[{"embeddable":true,"href":"http:\/\/desarrollo.grupomedios.com\/futbol\/wp-json\/wp\/v2\/comments?post=484241"}],"version-history":[{"count":2,"href":"http:\/\/desarrollo.grupomedios.com\/futbol\/wp-json\/wp\/v2\/posts\/484241\/revisions"}],"predecessor-version":[{"id":484276,"href":"http:\/\/desarrollo.grupomedios.com\/futbol\/wp-json\/wp\/v2\/posts\/484241\/revisions\/484276"}],"wp:featuredmedia":[{"embeddable":true,"href":"http:\/\/desarrollo.grupomedios.com\/futbol\/wp-json\/wp\/v2\/media\/484245"}],"wp:attachment":[{"href":"http:\/\/desarrollo.grupomedios.com\/futbol\/wp-json\/wp\/v2\/media?parent=484241"}],"wp:term":[{"taxonomy":"category","embeddable":true,"href":"http:\/\/desarrollo.grupomedios.com\/futbol\/wp-json\/wp\/v2\/categories?post=484241"},{"taxonomy":"post_tag","embeddable":true,"href":"http:\/\/desarrollo.grupomedios.com\/futbol\/wp-json\/wp\/v2\/tags?post=484241"}],"curies":[{"name":"wp","href":"https:\/\/api.w.org\/{rel}","templated":true}]}}