{"id":484244,"date":"2017-06-19T13:40:49","date_gmt":"2017-06-19T18:40:49","guid":{"rendered":"https:\/\/www.futboltotal.com.mx\/?p=484244"},"modified":"2017-06-19T13:43:45","modified_gmt":"2017-06-19T18:43:45","slug":"andres-guardado-acepta-podria-ir-a-la-mls","status":"publish","type":"post","link":"http:\/\/desarrollo.grupomedios.com\/futbol\/futbol-mexicano\/andres-guardado-acepta-podria-ir-a-la-mls\/2017\/06","title":{"rendered":"Andr\u00e9s Guardado acept\u00f3 que podr\u00eda ir a la MLS"},"content":{"rendered":"<p><strong>Andr\u00e9s Guardado<\/strong> est\u00e1 cerca de terminar su contrato con el<strong> PSV Eindhoven<\/strong> y es por ello que el mediocampista mexicano ya planea su futuro, que podr\u00eda estar en el futbol de Estados Unidos.<\/p>\n<p>Tras el partido en donde <span style=\"color: #3366ff;\"><a style=\"color: #3366ff;\" href=\"https:\/\/www.futboltotal.com.mx\/2017\/06\/resultados-mexico-2-2-portugal-copa-confederaciones\/\" target=\"_blank\" rel=\"noopener noreferrer\">M\u00e9xico empat\u00f3 ante Portugal<\/a> <\/span>en la <strong>Copa Confederaciones<\/strong>, el capit\u00e1n de la Selecci\u00f3n Mexicana confes\u00f3 que ha habido acercamiento de la <strong>MLS<\/strong>.<\/p>\n<p style=\"text-align: center;\"><span style=\"color: #3366ff;\"><a style=\"color: #3366ff;\" href=\"https:\/\/www.futboltotal.com.mx\/2017\/06\/psv-eindhoven-confirma-fichaje-del-chucky-lozano\/\">VER M\u00c1S: \u00a1PSV Eindhoven confirma fichaje del Chucky Lozano!<\/a><\/span><\/p>\n<blockquote><p>\u201cSe han acercado (de la <strong>MLS<\/strong>) desde hace tiempo con ofrecimientos, pero aun no s\u00e9, hay que analizar muchas cosas, mi edad, mis posibilidades en Europa a ver si me convencen, pero estoy tranquilo y contento en PSV y no me quiero ir s\u00f3lo por irme\u201d, coment\u00f3 el jugador de 30 a\u00f1os.<\/p><\/blockquote>\n<p><strong>Guardado<\/strong> debut\u00f3 con Atlas en el 2005 y arrib\u00f3 a Europa un par de a\u00f1os m\u00e1s tarde para enrolarse con el Deportivo de La Coru\u00f1a antes de emigrar al Valencia. Luego tuvo un paso fugaz por el Bayer Leverkusen y aterriz\u00f3 en el PSV, donde ha conseguido un par de campeonatos de liga.<\/p>\n<p>\u201cMe han puesto en la <strong>MLS<\/strong> en los \u00faltimos tres a\u00f1os, siempre dicen que ya estoy amarrado y que me voy a Atlanta, pero los rumores son s\u00f3lo eso, por ahora estoy tranquilo y mis representantes lo ver\u00e1n en su momento\u201d, agreg\u00f3 Guardado.<\/p>\n<p style=\"text-align: center;\"><span style=\"color: #3366ff;\"><a style=\"color: #3366ff;\" href=\"https:\/\/www.futboltotal.com.mx\/2017\/06\/espanyol-ventaja-plazo-fichar-a-diego-reyes\/\">VER M\u00c1S: Espanyol, con ventaja y plazo para fichar a Diego Reyes<\/a><\/span><\/p>\n<p>El jugador dijo que por ahora quiere concentrarse en la Confederaciones, donde reapareci\u00f3 ante Portugal luego de una lesi\u00f3n.<\/p>\n<p>\u201cTen\u00eda rato sin jugar y me cost\u00f3 un poco, m\u00e1s en un partido as\u00ed pero el equipo se vio bien en lo colectivo y yo me siento bien en lo individual\u201d, a\u00f1adi\u00f3.<\/p>\n","protected":false},"excerpt":{"rendered":"<p>El mexicano aun no define su futuro con el PSV.<\/p>\n","protected":false},"author":20,"featured_media":446921,"comment_status":"closed","ping_status":"closed","sticky":false,"template":"","format":"standard","meta":[],"categories":[3839,2198,3847],"tags":[6046,195,3224],"_links":{"self":[{"href":"http:\/\/desarrollo.grupomedios.com\/futbol\/wp-json\/wp\/v2\/posts\/484244"}],"collection":[{"href":"http:\/\/desarrollo.grupomedios.com\/futbol\/wp-json\/wp\/v2\/posts"}],"about":[{"href":"http:\/\/desarrollo.grupomedios.com\/futbol\/wp-json\/wp\/v2\/types\/post"}],"author":[{"embeddable":true,"href":"http:\/\/desarrollo.grupomedios.com\/futbol\/wp-json\/wp\/v2\/users\/20"}],"replies":[{"embeddable":true,"href":"http:\/\/desarrollo.grupomedios.com\/futbol\/wp-json\/wp\/v2\/comments?post=484244"}],"version-history":[{"count":3,"href":"http:\/\/desarrollo.grupomedios.com\/futbol\/wp-json\/wp\/v2\/posts\/484244\/revisions"}],"predecessor-version":[{"id":484250,"href":"http:\/\/desarrollo.grupomedios.com\/futbol\/wp-json\/wp\/v2\/posts\/484244\/revisions\/484250"}],"wp:featuredmedia":[{"embeddable":true,"href":"http:\/\/desarrollo.grupomedios.com\/futbol\/wp-json\/wp\/v2\/media\/446921"}],"wp:attachment":[{"href":"http:\/\/desarrollo.grupomedios.com\/futbol\/wp-json\/wp\/v2\/media?parent=484244"}],"wp:term":[{"taxonomy":"category","embeddable":true,"href":"http:\/\/desarrollo.grupomedios.com\/futbol\/wp-json\/wp\/v2\/categories?post=484244"},{"taxonomy":"post_tag","embeddable":true,"href":"http:\/\/desarrollo.grupomedios.com\/futbol\/wp-json\/wp\/v2\/tags?post=484244"}],"curies":[{"name":"wp","href":"https:\/\/api.w.org\/{rel}","templated":true}]}}