{"id":484247,"date":"2017-06-19T13:54:07","date_gmt":"2017-06-19T18:54:07","guid":{"rendered":"https:\/\/www.futboltotal.com.mx\/?p=484247"},"modified":"2017-06-19T13:54:07","modified_gmt":"2017-06-19T18:54:07","slug":"santos-rechazo-oferta-del-frankfurt-por-gael-sandoval","status":"publish","type":"post","link":"http:\/\/desarrollo.grupomedios.com\/futbol\/futbol-mexicano\/santos-rechazo-oferta-del-frankfurt-por-gael-sandoval\/2017\/06","title":{"rendered":"Santos recibi\u00f3 oferta de Europa por Gael Sandoval y dijo &#8220;no gracias&#8221;"},"content":{"rendered":"<p><a href=\"https:\/\/www.futboltotal.com.mx\/2017\/06\/charla-con-charly-osvaldo-martinez-cerebro-santos\/\" target=\"_blank\" rel=\"noopener noreferrer\"><span style=\"color: #333399;\"><strong>Santos Laguna<\/strong><\/span><\/a> recibi\u00f3 una oferta de <strong>Europa<\/strong> por el jugador <strong>Gael Sandoval<\/strong>, sin embargo, no dejaron que el juvenil se fuera el <em>Viejo Continente<\/em> por una raz\u00f3n.<\/p>\n<p><a href=\"https:\/\/www.futboltotal.com.mx\/2017\/04\/chepo-la-torre-le-festejo-en-la-cara-gol-a-la-volpe\/\" target=\"_blank\" rel=\"noopener noreferrer\"><span style=\"color: #333399;\"><strong>Jos\u00e9 Manuel de la Torre<\/strong><\/span><\/a> confes\u00f3 para Agenda Fox Sports el motivo por el que <strong>Sandoval<\/strong> no sali\u00f3 de la instituci\u00f3n.<\/p>\n<p style=\"text-align: center;\"><a href=\"https:\/\/www.futboltotal.com.mx\/2017\/06\/chucky-lozano-voy-a-dar-siempre-mejor-mi-por-psv\/\" target=\"_blank\" rel=\"noopener noreferrer\"><span style=\"color: #333399;\">VER M\u00c1S:\u00a0Chucky Lozano: \u201cVoy a dar siempre lo mejor de m\u00ed por el PSV\u201d<\/span><\/a><\/p>\n<p>\u201cSe est\u00e1 consolidando, tiene mucho potencia y todav\u00eda puede crecer m\u00e1s, lo ideal era que se quedara y se consolidara m\u00e1s seis meses o un a\u00f1o, y si en un a\u00f1o siguen las pretenciones ya el club decidir\u00e1\u201d.<\/p>\n<p style=\"text-align: center;\"><a href=\"https:\/\/www.futboltotal.com.mx\/2017\/06\/psv-eindhoven-confirma-fichaje-del-chucky-lozano\/\" target=\"_blank\" rel=\"noopener noreferrer\"><span style=\"color: #333399;\">VER M\u00c1S:\u00a0\u00a1PSV Eindhoven confirma fichaje del Chucky Lozano!<\/span><\/a><\/p>\n<p><strong>Fernando Schwartz<\/strong> fue el encargado de confirmar el inter\u00e9s del <a href=\"https:\/\/www.futboltotal.com.mx\/2017\/06\/salcedo-se-une-a-fabian-en-eintracht-frankfurt\/\" target=\"_blank\" rel=\"noopener noreferrer\"><span style=\"color: #333399;\"><strong>Eintracht Frankfurt<\/strong><\/span><\/a> de la <strong>Bundesliga<\/strong> por el canterano.<\/p>\n","protected":false},"excerpt":{"rendered":"<p>Santos trunca la salida de Gael Sandoval al Eintracht de Frankfurt de la Bundesliga, al rechazar la oferta del club por el jugador.<\/p>\n","protected":false},"author":20,"featured_media":484252,"comment_status":"closed","ping_status":"closed","sticky":false,"template":"","format":"standard","meta":[],"categories":[3839,2198,3845],"tags":[9071,6222,1490,9070,741,174],"_links":{"self":[{"href":"http:\/\/desarrollo.grupomedios.com\/futbol\/wp-json\/wp\/v2\/posts\/484247"}],"collection":[{"href":"http:\/\/desarrollo.grupomedios.com\/futbol\/wp-json\/wp\/v2\/posts"}],"about":[{"href":"http:\/\/desarrollo.grupomedios.com\/futbol\/wp-json\/wp\/v2\/types\/post"}],"author":[{"embeddable":true,"href":"http:\/\/desarrollo.grupomedios.com\/futbol\/wp-json\/wp\/v2\/users\/20"}],"replies":[{"embeddable":true,"href":"http:\/\/desarrollo.grupomedios.com\/futbol\/wp-json\/wp\/v2\/comments?post=484247"}],"version-history":[{"count":1,"href":"http:\/\/desarrollo.grupomedios.com\/futbol\/wp-json\/wp\/v2\/posts\/484247\/revisions"}],"predecessor-version":[{"id":484253,"href":"http:\/\/desarrollo.grupomedios.com\/futbol\/wp-json\/wp\/v2\/posts\/484247\/revisions\/484253"}],"wp:featuredmedia":[{"embeddable":true,"href":"http:\/\/desarrollo.grupomedios.com\/futbol\/wp-json\/wp\/v2\/media\/484252"}],"wp:attachment":[{"href":"http:\/\/desarrollo.grupomedios.com\/futbol\/wp-json\/wp\/v2\/media?parent=484247"}],"wp:term":[{"taxonomy":"category","embeddable":true,"href":"http:\/\/desarrollo.grupomedios.com\/futbol\/wp-json\/wp\/v2\/categories?post=484247"},{"taxonomy":"post_tag","embeddable":true,"href":"http:\/\/desarrollo.grupomedios.com\/futbol\/wp-json\/wp\/v2\/tags?post=484247"}],"curies":[{"name":"wp","href":"https:\/\/api.w.org\/{rel}","templated":true}]}}