{"id":484256,"date":"2017-06-19T14:23:13","date_gmt":"2017-06-19T19:23:13","guid":{"rendered":"https:\/\/www.futboltotal.com.mx\/?p=484256"},"modified":"2017-06-19T15:02:34","modified_gmt":"2017-06-19T20:02:34","slug":"dirk-nowitzki-tiene-a-chicharito-entre-sus-favoritos","status":"publish","type":"post","link":"http:\/\/desarrollo.grupomedios.com\/futbol\/futbol-internacional\/dirk-nowitzki-tiene-a-chicharito-entre-sus-favoritos\/2017\/06","title":{"rendered":"Leyenda de la NBA revel\u00f3 que Chicharito es de sus favoritos"},"content":{"rendered":"<p>La leyenda de la <strong>NBA<\/strong> y de los <strong>Maverick de Dallas<\/strong>, <strong>Dirk Nowitzki<\/strong>, revel\u00f3 que <a href=\"https:\/\/www.futboltotal.com.mx\/2017\/06\/yasser-defendio-a-chicharito-de-sus-detractores\/\" target=\"_blank\" rel=\"noopener noreferrer\"><span style=\"color: #333399;\"><strong>Javier Hern\u00e1ndez<\/strong><\/span><\/a> es uno de sus delanteros favoritos.<\/p>\n<p><strong>NBA Latinoam\u00e9rica<\/strong> comparti\u00f3 un v\u00eddeo del alem\u00e1n por su cumplea\u00f1os, en el cual el exjugador habl\u00f3 de sus delanteros favoritos en el futbol, siendo <a href=\"https:\/\/www.futboltotal.com.mx\/2017\/06\/voetbal-international-nombra-a-messi-como-el-mejor-de-la-historia\/\" target=\"_blank\" rel=\"noopener noreferrer\"><span style=\"color: #333399;\"><strong>Leo Messi<\/strong><\/span><\/a> el preferido del <strong>Nowitzki<\/strong>. En segunda posici\u00f3n nombr\u00f3 a <em>Chicharito<\/em>, quien es querido y reconocido en <strong>M\u00e9xico<\/strong> y en gran parte de <strong>Estados Unidos<\/strong>.<\/p>\n<p style=\"text-align: center;\"><a href=\"https:\/\/www.futboltotal.com.mx\/2017\/06\/maradona-critica-a-sampaoli-fue-buen-jugador-buen-pensante\/\" target=\"_blank\" rel=\"noopener noreferrer\"><span style=\"color: #333399;\">VER M\u00c1S:\u00a0Maradona explota contra Sampaoli: \u201cNo fue buen jugador, ni pensante\u201d<\/span><\/a><\/p>\n<p>Despu\u00e9s de <em>ChichaDios<\/em>, <strong>Nowitzki<\/strong> tuvo problemas para decantarse por otros atacantes, siendo <strong>Higua\u00edn<\/strong> y <strong>Neymar<\/strong> los siguientes en la lista. Lo destacable es que el exjugador puso a <strong>H\u00e9rnandez Balc\u00e1zar<\/strong> por encima de grandes rompe redes sudamericanos como <strong>Luis Su\u00e1rez, Sergio Ag\u00fcero, Edinson Cavani<\/strong> o <a href=\"https:\/\/www.futboltotal.com.mx\/2017\/06\/alexis-sanches-cerca-reencontrarse-pep-guardiola\/\" target=\"_blank\" rel=\"noopener noreferrer\"><span style=\"color: #333399;\"><strong>Alexis S\u00e1nchez.<\/strong><\/span><\/a><\/p>\n<p style=\"text-align: center;\"><a href=\"https:\/\/www.futboltotal.com.mx\/2017\/06\/andres-guardado-acepta-podria-ir-a-la-mls\/\" target=\"_blank\" rel=\"noopener noreferrer\"><span style=\"color: #333399;\">VER M\u00c1S:\u00a0Andr\u00e9s Guardado acept\u00f3 que podr\u00eda ir a la MLS<\/span><\/a><\/p>\n","protected":false},"excerpt":{"rendered":"<p>Una de las m\u00e1ximas leyendas de la NBA y de los Mavericks de Dallas, Dirk Nowitzki, tiene a &#8220;Chicharito&#8221; dentro de su top de goleadores<\/p>\n","protected":false},"author":20,"featured_media":484260,"comment_status":"closed","ping_status":"closed","sticky":false,"template":"","format":"standard","meta":[],"categories":[5814,5419,3839,6718,5418],"tags":[6053,120,549,9072,6037,310,1832,5253,6016,9073,65,3763,6001,5992],"_links":{"self":[{"href":"http:\/\/desarrollo.grupomedios.com\/futbol\/wp-json\/wp\/v2\/posts\/484256"}],"collection":[{"href":"http:\/\/desarrollo.grupomedios.com\/futbol\/wp-json\/wp\/v2\/posts"}],"about":[{"href":"http:\/\/desarrollo.grupomedios.com\/futbol\/wp-json\/wp\/v2\/types\/post"}],"author":[{"embeddable":true,"href":"http:\/\/desarrollo.grupomedios.com\/futbol\/wp-json\/wp\/v2\/users\/20"}],"replies":[{"embeddable":true,"href":"http:\/\/desarrollo.grupomedios.com\/futbol\/wp-json\/wp\/v2\/comments?post=484256"}],"version-history":[{"count":2,"href":"http:\/\/desarrollo.grupomedios.com\/futbol\/wp-json\/wp\/v2\/posts\/484256\/revisions"}],"predecessor-version":[{"id":484275,"href":"http:\/\/desarrollo.grupomedios.com\/futbol\/wp-json\/wp\/v2\/posts\/484256\/revisions\/484275"}],"wp:featuredmedia":[{"embeddable":true,"href":"http:\/\/desarrollo.grupomedios.com\/futbol\/wp-json\/wp\/v2\/media\/484260"}],"wp:attachment":[{"href":"http:\/\/desarrollo.grupomedios.com\/futbol\/wp-json\/wp\/v2\/media?parent=484256"}],"wp:term":[{"taxonomy":"category","embeddable":true,"href":"http:\/\/desarrollo.grupomedios.com\/futbol\/wp-json\/wp\/v2\/categories?post=484256"},{"taxonomy":"post_tag","embeddable":true,"href":"http:\/\/desarrollo.grupomedios.com\/futbol\/wp-json\/wp\/v2\/tags?post=484256"}],"curies":[{"name":"wp","href":"https:\/\/api.w.org\/{rel}","templated":true}]}}