{"id":484287,"date":"2017-06-19T15:35:36","date_gmt":"2017-06-19T20:35:36","guid":{"rendered":"https:\/\/www.futboltotal.com.mx\/?p=484287"},"modified":"2017-06-19T15:35:36","modified_gmt":"2017-06-19T20:35:36","slug":"jesus-martinez-le-deseo-exito-a-lozano-en-su-aventura-europea","status":"publish","type":"post","link":"http:\/\/desarrollo.grupomedios.com\/futbol\/futbol-mexicano\/jesus-martinez-le-deseo-exito-a-lozano-en-su-aventura-europea\/2017\/06","title":{"rendered":"Jes\u00fas Mart\u00ednez env\u00eda emotivas palabras a Lozano tras fichar con el PSV"},"content":{"rendered":"<p><strong>Jes\u00fas Mart\u00ednez<\/strong>; due\u00f1o y presidente del <a href=\"https:\/\/www.futboltotal.com.mx\/2017\/06\/angelo-sagal-se-incorporara-a-pachuca-al-termino-de-confederaciones\/\" target=\"_blank\" rel=\"noopener noreferrer\"><span style=\"color: #333399;\"><strong>Club Pachuca<\/strong><\/span><\/a>, le env\u00edo un emotivo mensaje al nuevo jugador del <a href=\"https:\/\/www.futboltotal.com.mx\/2017\/06\/psv-eindhoven-confirma-fichaje-del-chucky-lozano\/\" target=\"_blank\" rel=\"noopener noreferrer\"><span style=\"color: #333399;\"><strong>PSV Eindhoven<\/strong><\/span><\/a>, <a href=\"https:\/\/www.futboltotal.com.mx\/2017\/06\/chucky-lozano-voy-a-dar-siempre-mejor-mi-por-psv\/\" target=\"_blank\" rel=\"noopener noreferrer\"><span style=\"color: #333399;\"><strong>Hirving Lozano<\/strong><\/span><\/a>, dese\u00e1ndole \u00e9xito y agradeci\u00e9ndole al jugador por su profesionalismo desde que lleg\u00f3 a los <em>Tuzos<\/em> a los 10 a\u00f1os de edad.<\/p>\n<p style=\"text-align: center;\"><a href=\"https:\/\/www.futboltotal.com.mx\/2017\/06\/chofis-lopez-sera-operado-por-problemas-en-pubis\/\" target=\"_blank\" rel=\"noopener noreferrer\"><span style=\"color: #333399;\">VER M\u00c1S:\u00a0\u2018La Chofis\u2019 L\u00f3pez al quir\u00f3fano por problemas en el pubis<\/span><\/a><\/p>\n<p>\u201cMi querido Chucky, desde que llegaste queremos agradecerte todo tu profesionalismo, todo el equipo que te ha formado desde las fuerzas b\u00e1sicas. Sabemos que vas a triunfar hijo, sabemos que tienes la casta Tuza y te esperamos en muchos a\u00f1os para que regreses tu carrera a esta gran instituci\u00f3n que es el Club Pachuca. Te quiero y disfruta toda esta aventura que empiezas\u201d, dijo <strong>Mart\u00ednez<\/strong>.<\/p>\n<p><iframe loading=\"lazy\" src=\"https:\/\/www.youtube.com\/embed\/06k5orQ8Mto?feature=oembed\" frameborder=\"0\" allowfullscreen><\/iframe><\/p>\n<p style=\"text-align: center;\"><a href=\"https:\/\/www.futboltotal.com.mx\/2017\/06\/santos-rechazo-oferta-del-frankfurt-por-gael-sandoval\/\" target=\"_blank\" rel=\"noopener noreferrer\"><span style=\"color: #333399;\">VER M\u00c1S:\u00a0Santos recibi\u00f3 oferta de Europa por Gael Sandoval y dijo \u201cno gracias\u201d<\/span><\/a><\/p>\n<p><a href=\"https:\/\/www.futboltotal.com.mx\/2017\/06\/chucky-lozano-se-despide-emotivo-mensaje-al-pachuca\/\" target=\"_blank\" rel=\"noopener noreferrer\"><span style=\"color: #333399;\"><strong>Hirving Lozano<\/strong> <\/span><\/a>abandon\u00f3 la concentraci\u00f3n de la <a href=\"https:\/\/www.futboltotal.com.mx\/2017\/06\/jugadores-del-tri-fueron-vistos-en-bar-en-dia-descanso\/\" target=\"_blank\" rel=\"noopener noreferrer\"><span style=\"color: #333399;\"><strong>Selecci\u00f3n Mexicana<\/strong> <\/span><\/a>para firmar con el conjunto granjero hasta 2023 y se incorporar\u00e1 al combinado <em>Tricolor<\/em> en <strong>Sochi<\/strong> para encarar el encuentro de este mi\u00e9rcoles ante <strong>Nueva Zelanda<\/strong>.<\/p>\n","protected":false},"excerpt":{"rendered":"<p>Emotivas palabras de Jes\u00fas Mart\u00ednez, presidente del Club Pachuca, para el nuevo jugador del PSV Eindhoven.<\/p>\n","protected":false},"author":20,"featured_media":484288,"comment_status":"closed","ping_status":"closed","sticky":false,"template":"","format":"standard","meta":[],"categories":[3839,2198,3845,6718],"tags":[6720,8718,5196,654,3224,73],"_links":{"self":[{"href":"http:\/\/desarrollo.grupomedios.com\/futbol\/wp-json\/wp\/v2\/posts\/484287"}],"collection":[{"href":"http:\/\/desarrollo.grupomedios.com\/futbol\/wp-json\/wp\/v2\/posts"}],"about":[{"href":"http:\/\/desarrollo.grupomedios.com\/futbol\/wp-json\/wp\/v2\/types\/post"}],"author":[{"embeddable":true,"href":"http:\/\/desarrollo.grupomedios.com\/futbol\/wp-json\/wp\/v2\/users\/20"}],"replies":[{"embeddable":true,"href":"http:\/\/desarrollo.grupomedios.com\/futbol\/wp-json\/wp\/v2\/comments?post=484287"}],"version-history":[{"count":1,"href":"http:\/\/desarrollo.grupomedios.com\/futbol\/wp-json\/wp\/v2\/posts\/484287\/revisions"}],"predecessor-version":[{"id":484289,"href":"http:\/\/desarrollo.grupomedios.com\/futbol\/wp-json\/wp\/v2\/posts\/484287\/revisions\/484289"}],"wp:featuredmedia":[{"embeddable":true,"href":"http:\/\/desarrollo.grupomedios.com\/futbol\/wp-json\/wp\/v2\/media\/484288"}],"wp:attachment":[{"href":"http:\/\/desarrollo.grupomedios.com\/futbol\/wp-json\/wp\/v2\/media?parent=484287"}],"wp:term":[{"taxonomy":"category","embeddable":true,"href":"http:\/\/desarrollo.grupomedios.com\/futbol\/wp-json\/wp\/v2\/categories?post=484287"},{"taxonomy":"post_tag","embeddable":true,"href":"http:\/\/desarrollo.grupomedios.com\/futbol\/wp-json\/wp\/v2\/tags?post=484287"}],"curies":[{"name":"wp","href":"https:\/\/api.w.org\/{rel}","templated":true}]}}