{"id":484301,"date":"2017-06-19T17:25:25","date_gmt":"2017-06-19T22:25:25","guid":{"rendered":"https:\/\/www.futboltotal.com.mx\/?p=484301"},"modified":"2017-06-19T17:25:25","modified_gmt":"2017-06-19T22:25:25","slug":"con-el-var-hubieramos-empatado-la-final-damian-alvarez","status":"publish","type":"post","link":"http:\/\/desarrollo.grupomedios.com\/futbol\/futbol-mexicano\/con-el-var-hubieramos-empatado-la-final-damian-alvarez\/2017\/06","title":{"rendered":"Hubi\u00e9ramos empatado en la final con el VAR: Dami\u00e1n \u00c1lvarez"},"content":{"rendered":"<p>Con el uso de la tecnolog\u00eda <a href=\"https:\/\/www.futboltotal.com.mx\/2017\/05\/copa-confederaciones-tendra-ojo-del-halcon\/\" target=\"_blank\" rel=\"noopener noreferrer\"><span style=\"color: #333399;\"><strong>Video Assistant Referee<\/strong><\/span><\/a> (VAR) en la <strong>Copa Confederaciones<\/strong>, se han desatado un sinf\u00edn de comentarios positivos y negativos. Cabe destacar que el <a href=\"https:\/\/www.futboltotal.com.mx\/2017\/06\/uso-la-tecnologia-le-salvo-pellejo-a-mexico\/\" target=\"_blank\" rel=\"noopener noreferrer\"><span style=\"color: #333399;\"><strong>VAR<\/strong><\/span><\/a> estar\u00e1 a prueba en la <strong>Liga MX<\/strong> durante el <a href=\"https:\/\/www.futboltotal.com.mx\/2017\/05\/definen-fecha-inicio-del-apertura-2017\/\" target=\"_blank\" rel=\"noopener noreferrer\"><span style=\"color: #333399;\"><strong>Apertura 2017<\/strong><\/span><\/a>, situaci\u00f3n\u00a0que el jugador de <a href=\"https:\/\/www.futboltotal.com.mx\/2017\/06\/tigres-ficharia-a-enner-valencia-del-west-ham\/\" target=\"_blank\" rel=\"noopener noreferrer\"><span style=\"color: #333399;\"><strong>Tigres<\/strong><\/span><\/a>, <a href=\"https:\/\/www.futboltotal.com.mx\/2017\/01\/damian-alvarez-desmiente-ofertas-gignac\/\" target=\"_blank\" rel=\"noopener noreferrer\"><span style=\"color: #333399;\"><strong>Dam\u00edan \u00c1lvarez<\/strong><\/span><\/a>, ve con buenos ojos.<\/p>\n<p><em>La Chilindrina<\/em> brome\u00f3 respecto al uso de la tecnolog\u00eda y asegur\u00f3 que si se hubiera usado antes, hubieran empatado la final del <strong>Clausura 2017<\/strong> ante <a href=\"https:\/\/www.futboltotal.com.mx\/2017\/06\/chivas-seguiria-usando-jersey-sin-publicidad\/\" target=\"_blank\" rel=\"noopener noreferrer\"><span style=\"color: #333399;\"><strong>Chivas<\/strong><\/span><\/a> tras la jugada pol\u00e9mica en los \u00faltimos minutos del encuentro.<\/p>\n<p style=\"text-align: center;\"><a href=\"https:\/\/www.futboltotal.com.mx\/2017\/06\/dario-veron-fue-presentado-olimpia\/\" target=\"_blank\" rel=\"noopener noreferrer\"><span style=\"color: #333399;\">VER M\u00c1S:\u00a0Dar\u00edo Ver\u00f3n fue presentado con Olimpia<\/span><\/a><\/p>\n<p>\u201cSi se hubiese implementado antes, quiz\u00e1 hubi\u00e9ramos empatado el \u00faltimo partido. Siempre la tecnolog\u00eda debe estar al servicio del deporte, si as\u00ed lo ven y lo vinculan de manera positiva\u201d.<\/p>\n<p>\u201cEs necesario, hay ciertas situaciones que son muy dif\u00edciles para los \u00e1rbitros detectar, hay algunas que no, pero si siempre se presume que puede aportar algo bueno, estar\u00eda bien, son formas que van saliendo y que le van dando camino para ver si funcionan. Pienso que puede ser algo bueno para que haya menos errores\u201d, asever\u00f3 el <em>Enano<\/em>.<\/p>\n<p style=\"text-align: center;\"><a href=\"https:\/\/www.futboltotal.com.mx\/2017\/06\/necaxa-se-deshace-par-jugadores-chilenos\/\" target=\"_blank\" rel=\"noopener noreferrer\"><span style=\"color: #333399;\">VER M\u00c1S:\u00a0Necaxa se deshace de un par de jugadores chilenos<\/span><\/a><\/p>\n<p>Por \u00faltimo, asegur\u00f3 que el encuentro que sostendr\u00e1n ante el <em>Reba\u00f1o Sagrado<\/em> por el <strong>Campe\u00f3n de Campeones<\/strong> tendr\u00e1 un sabor extra.<\/p>\n<p>\u201cSe le ha presentado una problem\u00e1tica importante a Mat\u00edas, sin embargo, como revancha deber ser alg\u00fan condimente, porque es muy pronto la final que jugamos contra Chivas. No tenemos una rivalidad o una enemistad de muchas finales disputadas, pero s\u00ed puede tener un sabor a volver a enfrentarnos y consolidar lo que no fue la final interior\u201d.<\/p>\n<p style=\"text-align: center;\"><a href=\"https:\/\/www.futboltotal.com.mx\/2017\/06\/chofis-lopez-sera-operado-por-problemas-en-pubis\/\" target=\"_blank\" rel=\"noopener noreferrer\"><span style=\"color: #333399;\">VER M\u00c1S:\u00a0\u2018La Chofis\u2019 L\u00f3pez al quir\u00f3fano por problemas en el pubis<\/span><\/a><\/p>\n","protected":false},"excerpt":{"rendered":"<p>Dami\u00e1n \u00c1lvarez, jugador de los Tigres de la UNAL, ve con bueno ojos el uso de la tecnolog\u00eda en el futbol.<\/p>\n","protected":false},"author":20,"featured_media":484304,"comment_status":"closed","ping_status":"closed","sticky":false,"template":"","format":"standard","meta":[],"categories":[2198,3845],"tags":[8357,2261,70,7732,1580,546,5973,9078,9079],"_links":{"self":[{"href":"http:\/\/desarrollo.grupomedios.com\/futbol\/wp-json\/wp\/v2\/posts\/484301"}],"collection":[{"href":"http:\/\/desarrollo.grupomedios.com\/futbol\/wp-json\/wp\/v2\/posts"}],"about":[{"href":"http:\/\/desarrollo.grupomedios.com\/futbol\/wp-json\/wp\/v2\/types\/post"}],"author":[{"embeddable":true,"href":"http:\/\/desarrollo.grupomedios.com\/futbol\/wp-json\/wp\/v2\/users\/20"}],"replies":[{"embeddable":true,"href":"http:\/\/desarrollo.grupomedios.com\/futbol\/wp-json\/wp\/v2\/comments?post=484301"}],"version-history":[{"count":1,"href":"http:\/\/desarrollo.grupomedios.com\/futbol\/wp-json\/wp\/v2\/posts\/484301\/revisions"}],"predecessor-version":[{"id":484305,"href":"http:\/\/desarrollo.grupomedios.com\/futbol\/wp-json\/wp\/v2\/posts\/484301\/revisions\/484305"}],"wp:featuredmedia":[{"embeddable":true,"href":"http:\/\/desarrollo.grupomedios.com\/futbol\/wp-json\/wp\/v2\/media\/484304"}],"wp:attachment":[{"href":"http:\/\/desarrollo.grupomedios.com\/futbol\/wp-json\/wp\/v2\/media?parent=484301"}],"wp:term":[{"taxonomy":"category","embeddable":true,"href":"http:\/\/desarrollo.grupomedios.com\/futbol\/wp-json\/wp\/v2\/categories?post=484301"},{"taxonomy":"post_tag","embeddable":true,"href":"http:\/\/desarrollo.grupomedios.com\/futbol\/wp-json\/wp\/v2\/tags?post=484301"}],"curies":[{"name":"wp","href":"https:\/\/api.w.org\/{rel}","templated":true}]}}