{"id":484306,"date":"2017-06-19T17:41:44","date_gmt":"2017-06-19T22:41:44","guid":{"rendered":"https:\/\/www.futboltotal.com.mx\/?p=484306"},"modified":"2017-06-19T17:42:07","modified_gmt":"2017-06-19T22:42:07","slug":"jesus-martinez-la-venta-del-chucky-transferencia-record","status":"publish","type":"post","link":"http:\/\/desarrollo.grupomedios.com\/futbol\/futbol-mexicano\/jesus-martinez-la-venta-del-chucky-transferencia-record\/2017\/06","title":{"rendered":"Jes\u00fas Mart\u00ednez: &#8220;La venta del Chucky es transferencia r\u00e9cord&#8221;"},"content":{"rendered":"<p>El presidente del <strong>Pachuca<\/strong>, <strong>Jes\u00fas Mart\u00ednez<\/strong>, ha confirmado que <a href=\"https:\/\/www.futboltotal.com.mx\/2017\/06\/psv-eindhoven-confirma-fichaje-del-chucky-lozano\/\" target=\"_blank\" rel=\"noopener noreferrer\"><span style=\"color: #333399;\">la venta del atacante <strong>Hirving Lozano<\/strong> al <strong>PSV<\/strong> <strong>Eindhoven<\/strong><\/span><\/a>\u00a0representa un r\u00e9cord en el futbol mexicano.<\/p>\n<p>&#8220;No hay porcentaje (por el <a href=\"https:\/\/www.futboltotal.com.mx\/2017\/06\/chucky-lozano-voy-a-dar-siempre-mejor-mi-por-psv\/\" target=\"_blank\" rel=\"noopener noreferrer\"><span style=\"color: #333399;\">fichaje del <strong>Chucky<\/strong><\/span><\/a>), es venta definitiva, pero tenemos mucha cl\u00e1usulas. Puedo decir que <strong>Hirving Lozano<\/strong> es la m\u00e1xima transferencia del futbol mexicano&#8221;, dijo el propietario de los <em><strong>Tuzos<\/strong><\/em> en entrevista con ESPN.<\/p>\n<p style=\"text-align: center;\"><a href=\"https:\/\/www.futboltotal.com.mx\/2017\/06\/dario-veron-fue-presentado-olimpia\/\" target=\"_blank\" rel=\"noopener noreferrer\"><span style=\"color: #333399;\">VER M\u00c1S: Dar\u00edo Ver\u00f3n fue presentado con el Olimpia<\/span><\/a><\/p>\n<p>Mart\u00ednez asegur\u00f3 que le prometieron al Chucky que \u00e9l ser\u00eda quien eligiera el club en el que jugar\u00eda, pese a que hubo ofertas m\u00e1s atractivas en la parte econ\u00f3mica de parte de clubes como la Real Sociedad.<\/p>\n<p>&#8220;(<strong>Lozano<\/strong>) va a un equipo que tiene la misma filosof\u00eda que nosotros, que es la formaci\u00f3n de jugadores&#8221;, agreg\u00f3 el directivo.<\/p>\n<p style=\"text-align: center;\"><a href=\"https:\/\/www.futboltotal.com.mx\/2017\/06\/jugador-del-tri-se-tomo-foto-cristiano-tras-partido\/\" target=\"_blank\" rel=\"noopener noreferrer\"><span style=\"color: #333399;\">VER M\u00c1S: Jugador del Tri se tom\u00f3 foto con Cristiano Ronaldo tras el partido<\/span><\/a><\/p>\n<p>&nbsp;<iframe loading=\"lazy\" src=\"https:\/\/www.youtube.com\/embed\/aA5p0i0YwOI\" frameborder=\"0\" allowfullscreen><\/iframe><\/p>\n","protected":false},"excerpt":{"rendered":"<p>El presidente del Pachuca asegur\u00f3 que rechazaron ofertas m\u00e1s atractivas por Lozano.<\/p>\n","protected":false},"author":20,"featured_media":453226,"comment_status":"closed","ping_status":"closed","sticky":false,"template":"","format":"standard","meta":[],"categories":[7740,3839,2198,3845,6718],"tags":[6944,5196,5968,3224],"_links":{"self":[{"href":"http:\/\/desarrollo.grupomedios.com\/futbol\/wp-json\/wp\/v2\/posts\/484306"}],"collection":[{"href":"http:\/\/desarrollo.grupomedios.com\/futbol\/wp-json\/wp\/v2\/posts"}],"about":[{"href":"http:\/\/desarrollo.grupomedios.com\/futbol\/wp-json\/wp\/v2\/types\/post"}],"author":[{"embeddable":true,"href":"http:\/\/desarrollo.grupomedios.com\/futbol\/wp-json\/wp\/v2\/users\/20"}],"replies":[{"embeddable":true,"href":"http:\/\/desarrollo.grupomedios.com\/futbol\/wp-json\/wp\/v2\/comments?post=484306"}],"version-history":[{"count":2,"href":"http:\/\/desarrollo.grupomedios.com\/futbol\/wp-json\/wp\/v2\/posts\/484306\/revisions"}],"predecessor-version":[{"id":484310,"href":"http:\/\/desarrollo.grupomedios.com\/futbol\/wp-json\/wp\/v2\/posts\/484306\/revisions\/484310"}],"wp:featuredmedia":[{"embeddable":true,"href":"http:\/\/desarrollo.grupomedios.com\/futbol\/wp-json\/wp\/v2\/media\/453226"}],"wp:attachment":[{"href":"http:\/\/desarrollo.grupomedios.com\/futbol\/wp-json\/wp\/v2\/media?parent=484306"}],"wp:term":[{"taxonomy":"category","embeddable":true,"href":"http:\/\/desarrollo.grupomedios.com\/futbol\/wp-json\/wp\/v2\/categories?post=484306"},{"taxonomy":"post_tag","embeddable":true,"href":"http:\/\/desarrollo.grupomedios.com\/futbol\/wp-json\/wp\/v2\/tags?post=484306"}],"curies":[{"name":"wp","href":"https:\/\/api.w.org\/{rel}","templated":true}]}}