{"id":484318,"date":"2017-06-19T18:41:03","date_gmt":"2017-06-19T23:41:03","guid":{"rendered":"https:\/\/www.futboltotal.com.mx\/?p=484318"},"modified":"2017-06-19T18:41:03","modified_gmt":"2017-06-19T23:41:03","slug":"ronaldo-es-del-madrid-y-seguira-siendolo-florentino-perez","status":"publish","type":"post","link":"http:\/\/desarrollo.grupomedios.com\/futbol\/futbol-internacional\/ronaldo-es-del-madrid-y-seguira-siendolo-florentino-perez\/2017\/06","title":{"rendered":"Florentino P\u00e9rez asegur\u00f3 que CR7 es y seguir\u00e1 siendo del Madrid"},"content":{"rendered":"<p>Pese a los rumores que aseguran que <a href=\"https:\/\/www.futboltotal.com.mx\/2017\/06\/malos-cristiano-partido-ante-mexico\/\" target=\"_blank\" rel=\"noopener noreferrer\"><span style=\"color: #333399;\"><strong>Cristiano Ronaldo<\/strong><\/span><\/a> saldr\u00e1 del <strong>Real Madrid<\/strong>, <a href=\"https:\/\/www.futboltotal.com.mx\/2017\/03\/florentino-perez-utilizo-portal-falso-presionar-salida-ancelotti\/\" target=\"_blank\" rel=\"noopener noreferrer\"><span style=\"color: #333399;\"><strong>Florentino P\u00e9rez<\/strong><\/span><\/a>, presidente del conjunto <em>Merengue<\/em>, asegur\u00f3 que el futbolista lusitano seguir\u00e1 en el club.<\/p>\n<p>\u201cRonaldo es jugador del Real Madrid y va a seguir si\u00e9ndolo\u201d, dijo <strong>Florentino<\/strong> al diario Marca.<\/p>\n<p style=\"text-align: center;\"><a href=\"https:\/\/www.futboltotal.com.mx\/2017\/06\/festejo-chicharito-en-gol-ante-portugal-fue-sus-criticos\/\" target=\"_blank\" rel=\"noopener noreferrer\"><span style=\"color: #333399;\">VER M\u00c1S:\u00a0\u00a1Festejo de Chicharito en gol ante Portugal fue para sus cr\u00edticos!<\/span><\/a><\/p>\n<p>El mandam\u00e1s del club espa\u00f1ol agreg\u00f3 que deber\u00e1 reunirse con <em>CR7<\/em> para hablar sobre la publicaci\u00f3n de A Bola, en la que el capit\u00e1n de la <a href=\"https:\/\/www.futboltotal.com.mx\/2017\/06\/mexico-tuvo-fortuna-al-empatar-fernando-santos\/\" target=\"_blank\" rel=\"noopener noreferrer\"><span style=\"color: #333399;\"><strong>Selecci\u00f3n de Portugal<\/strong><\/span><\/a> aseguraba que saldr\u00eda del club debido a la denuncia por evasi\u00f3n fiscal que pesa en su contra.<\/p>\n<p>Desde que se acus\u00f3 al futbolista de fraude, <strong>Florentino<\/strong> no ha podido reunirse con el jugador, quien se encuentra concentrado con <strong>Portugal<\/strong> en la <strong>Copa Confederaciones de Rusia 2017<\/strong>, por lo que tendr\u00e1 que esperar a que finalice su participaci\u00f3n en el certamen para definir el futuro del astro portugu\u00e9s.<\/p>\n<p style=\"text-align: center;\"><a href=\"https:\/\/www.futboltotal.com.mx\/2017\/06\/jesus-martinez-la-venta-del-chucky-transferencia-record\/\" target=\"_blank\" rel=\"noopener noreferrer\"><span style=\"color: #333399;\">VER M\u00c1S:\u00a0Jes\u00fas Mart\u00ednez: \u201cLa venta del Chucky es transferencia r\u00e9cord\u201d<\/span><\/a><\/p>\n<p>Por \u00faltimo, el directivo habl\u00f3 sobre la posible llegada de<a href=\"https:\/\/www.futboltotal.com.mx\/2017\/06\/madrid-ninguno-mbappe\/\" target=\"_blank\" rel=\"noopener noreferrer\"><span style=\"color: #333399;\"><strong> Kylian Mbapp\u00e9<\/strong><\/span><\/a>, quien ya habr\u00eda hablado con <strong>Dmitri Rybolovlev<\/strong>, due\u00f1o del <strong>M\u00f3naco<\/strong>, para expresarle su deseo de jugar con el <strong>Madrid<\/strong>.<\/p>\n","protected":false},"excerpt":{"rendered":"<p>Cristiano Ronaldo es y seguir\u00e1 siendo del Real Madrid, asegur\u00f3 Florentino P\u00e9rez.<\/p>\n","protected":false},"author":20,"featured_media":484319,"comment_status":"closed","ping_status":"closed","sticky":false,"template":"","format":"standard","meta":[],"categories":[3839],"tags":[6013,9082,491,8525,6093,715,5988],"_links":{"self":[{"href":"http:\/\/desarrollo.grupomedios.com\/futbol\/wp-json\/wp\/v2\/posts\/484318"}],"collection":[{"href":"http:\/\/desarrollo.grupomedios.com\/futbol\/wp-json\/wp\/v2\/posts"}],"about":[{"href":"http:\/\/desarrollo.grupomedios.com\/futbol\/wp-json\/wp\/v2\/types\/post"}],"author":[{"embeddable":true,"href":"http:\/\/desarrollo.grupomedios.com\/futbol\/wp-json\/wp\/v2\/users\/20"}],"replies":[{"embeddable":true,"href":"http:\/\/desarrollo.grupomedios.com\/futbol\/wp-json\/wp\/v2\/comments?post=484318"}],"version-history":[{"count":1,"href":"http:\/\/desarrollo.grupomedios.com\/futbol\/wp-json\/wp\/v2\/posts\/484318\/revisions"}],"predecessor-version":[{"id":484320,"href":"http:\/\/desarrollo.grupomedios.com\/futbol\/wp-json\/wp\/v2\/posts\/484318\/revisions\/484320"}],"wp:featuredmedia":[{"embeddable":true,"href":"http:\/\/desarrollo.grupomedios.com\/futbol\/wp-json\/wp\/v2\/media\/484319"}],"wp:attachment":[{"href":"http:\/\/desarrollo.grupomedios.com\/futbol\/wp-json\/wp\/v2\/media?parent=484318"}],"wp:term":[{"taxonomy":"category","embeddable":true,"href":"http:\/\/desarrollo.grupomedios.com\/futbol\/wp-json\/wp\/v2\/categories?post=484318"},{"taxonomy":"post_tag","embeddable":true,"href":"http:\/\/desarrollo.grupomedios.com\/futbol\/wp-json\/wp\/v2\/tags?post=484318"}],"curies":[{"name":"wp","href":"https:\/\/api.w.org\/{rel}","templated":true}]}}