{"id":484341,"date":"2017-06-20T10:03:29","date_gmt":"2017-06-20T15:03:29","guid":{"rendered":"https:\/\/www.futboltotal.com.mx\/?p=484341"},"modified":"2017-06-20T10:19:40","modified_gmt":"2017-06-20T15:19:40","slug":"gignac-aubameyang-protagonizan-encuentro","status":"publish","type":"post","link":"http:\/\/desarrollo.grupomedios.com\/futbol\/cambio-de-juego\/gignac-aubameyang-protagonizan-encuentro\/2017\/06","title":{"rendered":"Gignac y Aubameyang protagonizan encuentro"},"content":{"rendered":"<p>El delantero del <strong>Borussia Dortmund<\/strong>\u00a0<b>Pierre-Emerick Aubameyang\u00a0<\/b>y el atacante de <strong>Tigre<\/strong>s,\u00a0<b>Andr\u00e9-Pierre Gignac,\u00a0<\/b>tuvieron un breve encuentro este fin de semana.<\/p>\n<p>A trav\u00e9s de Instagram, ambos futbolistas compartieron su encuentro, el cual se dio en\u00a0Los Angeles, California. Ambos est\u00e1n en un momento vacacional por el receso\u00a0de las ligas.<\/p>\n<p style=\"text-align: center;\"><span style=\"color: #333399;\"><a style=\"color: #333399;\" href=\"https:\/\/www.futboltotal.com.mx\/2017\/06\/jugadores-del-tri-fueron-vistos-en-bar-en-dia-descanso\/\" target=\"_blank\" rel=\"noopener noreferrer\">VER M\u00c1S: Jugadores del Tri fueron vistos en un bar\u00a0<\/a><\/span><\/p>\n<p>&#8220;Nacidos para anotar; muy contento de haberme cruzado con el hombre @10apg&#8221;, fue el mensaje que escribi\u00f3 el delantero de Gab\u00f3n, y que milita\u00a0en la <strong>Bundesliga<\/strong>.<\/p>\n<p><a href=\"https:\/\/www.futboltotal.com.mx\/wp-content\/uploads\/2017\/06\/auba-gignac.jpg\"><img decoding=\"async\" loading=\"lazy\" class=\"alignnone size-full wp-image-484345\" src=\"https:\/\/www.futboltotal.com.mx\/wp-content\/uploads\/2017\/06\/auba-gignac.jpg\" alt=\"Gignac y Aubameyang protagonizan encuentro 0\" srcset=\"http:\/\/desarrollo.grupomedios.com\/futbol\/wp-content\/uploads\/2017\/06\/auba-gignac.jpg 983w, http:\/\/desarrollo.grupomedios.com\/futbol\/wp-content\/uploads\/2017\/06\/auba-gignac-300x191.jpg 300w, http:\/\/desarrollo.grupomedios.com\/futbol\/wp-content\/uploads\/2017\/06\/auba-gignac-768x489.jpg 768w\" sizes=\"(max-width: 983px) 100vw, 983px\" \/><\/a><\/p>\n<p>Mientras que <strong>Gignac<\/strong> escribi\u00f3; &#8220;Un placer verte de nuevo, @aubameyang97, igual a tu hermano @willy.aubameyang&#8221;. Ser\u00e1 el pr\u00f3ximo lunes cuando el franc\u00e9s reporte con <strong>Tigres<\/strong>.<\/p>\n<p>Ambos de delanteros jugaron en la Ligue 1, <strong>Aubameyang<\/strong> en el <strong>Dijon<\/strong>, <strong>Lille<\/strong>, <strong>M\u00f3naco<\/strong> y <strong>Saint-\u00c9tienne<\/strong>; mientras que <strong>Gignac<\/strong> en el <strong>Lorient<\/strong>, <strong>Toulouse<\/strong> y <strong>Olympique de Marsella<\/strong>.<\/p>\n<p><a href=\"https:\/\/www.futboltotal.com.mx\/wp-content\/uploads\/2017\/06\/gignac-aubameyang.jpg\"><img decoding=\"async\" loading=\"lazy\" class=\"alignnone size-full wp-image-484352\" src=\"https:\/\/www.futboltotal.com.mx\/wp-content\/uploads\/2017\/06\/gignac-aubameyang.jpg\" alt=\"Gignac y Aubameyang protagonizan encuentro 1\" srcset=\"http:\/\/desarrollo.grupomedios.com\/futbol\/wp-content\/uploads\/2017\/06\/gignac-aubameyang.jpg 861w, http:\/\/desarrollo.grupomedios.com\/futbol\/wp-content\/uploads\/2017\/06\/gignac-aubameyang-300x223.jpg 300w, http:\/\/desarrollo.grupomedios.com\/futbol\/wp-content\/uploads\/2017\/06\/gignac-aubameyang-768x571.jpg 768w\" sizes=\"(max-width: 861px) 100vw, 861px\" \/><\/a><\/p>\n<p style=\"text-align: center;\"><span style=\"color: #333399;\"><a style=\"color: #333399;\" href=\"https:\/\/www.futboltotal.com.mx\/2017\/06\/edwin-cardona-no-reporto-con-pachuca\/\" target=\"_blank\" rel=\"noopener noreferrer\">VER M\u00c1S: Cardona no report\u00f3 con Pachuca<\/a><\/span><\/p>\n<p>&nbsp;<\/p>\n","protected":false},"excerpt":{"rendered":"<p>Ambos atacantes se encontraron mientras pasan su periodo vacacional antes del reinicio de la liga<\/p>\n","protected":false},"author":20,"featured_media":483925,"comment_status":"closed","ping_status":"closed","sticky":false,"template":"","format":"standard","meta":[],"categories":[5419],"tags":[6047,5430,5078,5973],"_links":{"self":[{"href":"http:\/\/desarrollo.grupomedios.com\/futbol\/wp-json\/wp\/v2\/posts\/484341"}],"collection":[{"href":"http:\/\/desarrollo.grupomedios.com\/futbol\/wp-json\/wp\/v2\/posts"}],"about":[{"href":"http:\/\/desarrollo.grupomedios.com\/futbol\/wp-json\/wp\/v2\/types\/post"}],"author":[{"embeddable":true,"href":"http:\/\/desarrollo.grupomedios.com\/futbol\/wp-json\/wp\/v2\/users\/20"}],"replies":[{"embeddable":true,"href":"http:\/\/desarrollo.grupomedios.com\/futbol\/wp-json\/wp\/v2\/comments?post=484341"}],"version-history":[{"count":1,"href":"http:\/\/desarrollo.grupomedios.com\/futbol\/wp-json\/wp\/v2\/posts\/484341\/revisions"}],"predecessor-version":[{"id":484353,"href":"http:\/\/desarrollo.grupomedios.com\/futbol\/wp-json\/wp\/v2\/posts\/484341\/revisions\/484353"}],"wp:featuredmedia":[{"embeddable":true,"href":"http:\/\/desarrollo.grupomedios.com\/futbol\/wp-json\/wp\/v2\/media\/483925"}],"wp:attachment":[{"href":"http:\/\/desarrollo.grupomedios.com\/futbol\/wp-json\/wp\/v2\/media?parent=484341"}],"wp:term":[{"taxonomy":"category","embeddable":true,"href":"http:\/\/desarrollo.grupomedios.com\/futbol\/wp-json\/wp\/v2\/categories?post=484341"},{"taxonomy":"post_tag","embeddable":true,"href":"http:\/\/desarrollo.grupomedios.com\/futbol\/wp-json\/wp\/v2\/tags?post=484341"}],"curies":[{"name":"wp","href":"https:\/\/api.w.org\/{rel}","templated":true}]}}