{"id":484346,"date":"2017-06-20T10:02:21","date_gmt":"2017-06-20T15:02:21","guid":{"rendered":"https:\/\/www.futboltotal.com.mx\/?p=484346"},"modified":"2017-06-20T10:02:21","modified_gmt":"2017-06-20T15:02:21","slug":"copa-confederaciones-2001-la-peor-participacion-del-tri-verde","status":"publish","type":"post","link":"http:\/\/desarrollo.grupomedios.com\/futbol\/destacado-home\/copa-confederaciones-2001-la-peor-participacion-del-tri-verde\/2017\/06","title":{"rendered":"Copa Confederaciones 2001, La peor participaci\u00f3n del TRI"},"content":{"rendered":"<p>La edici\u00f3n de la <strong>Copa Confederaciones<\/strong> 2001, fue la peor participaci\u00f3n que el <strong>TRI<\/strong> ha tenido, pues no pudo revalidar su t\u00edtulo como Campe\u00f3n que hab\u00eda conseguido una edici\u00f3n antes.<\/p>\n<p>En el certamen de Corea del Sur, que era ensayo para la Copa Mundialista de 2002, marc\u00f3 la salida de Enrique Meza en la Selecci\u00f3n Mexicana, pues ya ten\u00eda una mala campa\u00f1a en lo que era la eliminatoria rumbo al m\u00e1ximo torneo.<\/p>\n<p>Pero no te contamos m\u00e1s y en Futbol Total te dejamos otra entrega de El<strong> Tri<\/strong> en <strong>Confederaciones<\/strong>: 2001, la peor participaci\u00f3n verde.<\/p>\n<p style=\"text-align: center;\"><span style=\"color: #3366ff;\"><a style=\"color: #3366ff;\" href=\"https:\/\/www.futboltotal.com.mx\/2017\/06\/america-estrenara-patrocinador-en-camiseta\/\">VER M\u00c1S: Am\u00e9rica estrenar\u00e1 patrocinador en su camiseta<\/a><\/span><\/p>\n<p>[video_player]https:\/\/player.vimeo.com\/external\/221939766.hd.mp4?s=9cb52cb24acfb5a1105c6321c9f7ac0942873717&amp;profile_id=174[\/video_player]<\/p>\n","protected":false},"excerpt":{"rendered":"<p>El TRI qued\u00f3 \u00faltimo lugar del torneo.<\/p>\n","protected":false},"author":20,"featured_media":484348,"comment_status":"closed","ping_status":"closed","sticky":false,"template":"","format":"standard","meta":[],"categories":[5,2198],"tags":[1580,409],"_links":{"self":[{"href":"http:\/\/desarrollo.grupomedios.com\/futbol\/wp-json\/wp\/v2\/posts\/484346"}],"collection":[{"href":"http:\/\/desarrollo.grupomedios.com\/futbol\/wp-json\/wp\/v2\/posts"}],"about":[{"href":"http:\/\/desarrollo.grupomedios.com\/futbol\/wp-json\/wp\/v2\/types\/post"}],"author":[{"embeddable":true,"href":"http:\/\/desarrollo.grupomedios.com\/futbol\/wp-json\/wp\/v2\/users\/20"}],"replies":[{"embeddable":true,"href":"http:\/\/desarrollo.grupomedios.com\/futbol\/wp-json\/wp\/v2\/comments?post=484346"}],"version-history":[{"count":1,"href":"http:\/\/desarrollo.grupomedios.com\/futbol\/wp-json\/wp\/v2\/posts\/484346\/revisions"}],"predecessor-version":[{"id":484350,"href":"http:\/\/desarrollo.grupomedios.com\/futbol\/wp-json\/wp\/v2\/posts\/484346\/revisions\/484350"}],"wp:featuredmedia":[{"embeddable":true,"href":"http:\/\/desarrollo.grupomedios.com\/futbol\/wp-json\/wp\/v2\/media\/484348"}],"wp:attachment":[{"href":"http:\/\/desarrollo.grupomedios.com\/futbol\/wp-json\/wp\/v2\/media?parent=484346"}],"wp:term":[{"taxonomy":"category","embeddable":true,"href":"http:\/\/desarrollo.grupomedios.com\/futbol\/wp-json\/wp\/v2\/categories?post=484346"},{"taxonomy":"post_tag","embeddable":true,"href":"http:\/\/desarrollo.grupomedios.com\/futbol\/wp-json\/wp\/v2\/tags?post=484346"}],"curies":[{"name":"wp","href":"https:\/\/api.w.org\/{rel}","templated":true}]}}