{"id":484349,"date":"2017-06-20T10:31:32","date_gmt":"2017-06-20T15:31:32","guid":{"rendered":"https:\/\/www.futboltotal.com.mx\/?p=484349"},"modified":"2017-06-20T10:31:32","modified_gmt":"2017-06-20T15:31:32","slug":"fiscalia-acusa-mourinho-defraudar-hacienda-3-3-millones","status":"publish","type":"post","link":"http:\/\/desarrollo.grupomedios.com\/futbol\/futbol-internacional\/fiscalia-acusa-mourinho-defraudar-hacienda-3-3-millones\/2017\/06","title":{"rendered":"La Fiscal\u00eda acusa a Mourinho de defraudar a Hacienda 3.3 millones"},"content":{"rendered":"<p class=\"DETALLE_N_titulo \"><span id=\"ctl14_lblMostra\">La Secci\u00f3n de Delitos Econ\u00f3micos de la Fiscal\u00eda de Madrid ha presentado una denuncia ante el Juzgado de Instrucci\u00f3n Decano de Pozuelo de Alarc\u00f3n contra el ex entrenador del <strong>Real Madrid<\/strong>, <strong>Jos\u00e9 Mourinho<\/strong>, por haber <strong>defraudado<\/strong> <strong>3.3 millones de euros<\/strong> procedentes de sus derechos de imagen.<\/p>\n<p>Seg\u00fan la Fiscal\u00eda, <strong>Mourinho<\/strong> habr\u00eda cometido dos delitos contra la Hacienda P\u00fablica en relaci\u00f3n con el Impuesto sobre la Renta de las Personas F\u00edsicas (IRPF) en los ejercicios 2011 y 2012, cuando entrenaba al Real Madrid. La cantidad defraudada asciende a 3.304.670 euros (1.611.537 euros en 2011 y 1.693.133 euros en 2012).<\/p>\n<p>Hacienda emiti\u00f3 un informe a Fiscal\u00eda en el que se desprende que antes del 17 de septiembre de 2004, <strong>Mourinho<\/strong> suscribi\u00f3 un contrato por el que ced\u00eda sus derechos de imagen a la sociedad con sede en las Islas V\u00edrgenes Brit\u00e1nicas Kooper Services S.A.<\/span><\/p>\n<p class=\"DETALLE_N_titulo \" style=\"text-align: center;\"><span id=\"ctl14_lblMostra\"><a href=\"https:\/\/www.futboltotal.com.mx\/2017\/06\/fifa-manda-advertencia-a-femexfut-eh-put-en-confederaciones\/\" target=\"_blank\" rel=\"noopener noreferrer\"><span style=\"color: #333399;\">VER M\u00c1S: FIFA manda advertencia a Femexfut por grito de &#8220;eh put&#8230;&#8221; en Confederaciones<\/span><\/a><\/span><\/p>\n<p class=\"DETALLE_N_titulo \" style=\"text-align: left;\"><span id=\"ctl14_lblMostra\">Y ese d\u00eda rubric\u00f3 un nuevo contrato de cesi\u00f3n de sus derechos de imagen entre Kooper y la irlandesa Multisports &amp; Image Management Limited. Cuatro a\u00f1os despu\u00e9s, la sociedad irlandesa suscribi\u00f3 con Polaris Sports Limited, que ten\u00eda el mismo domicilio social, un contrato de representaci\u00f3n para que buscara y negociara contratos comerciales.<\/p>\n<p>&#8220;Todas estas estructuras societarias fueron utilizadas por el denunciado con el objeto de hacer f\u00edsicamente opacos los beneficios procedentes de sus derechos de imagen&#8221;, subraya la Fiscal\u00eda.<\/p>\n<p>Mourinho firm\u00f3 el 31 de marzo de 2010 un contrato de trabajo con el Real Madrid y traslad\u00f3 su residencia a Madrid, motivo por el cual adquiri\u00f3 la condici\u00f3n de residente fiscal en Espa\u00f1a.<\/p>\n<p>Sin embargo, &#8220;con \u00e1nimo de obtener un beneficio il\u00edcito&#8221;, present\u00f3 en plazo sus declaraciones de los ejercicios 2011 y 2012 sin declarar sus ingresos procedentes de la cesi\u00f3n de sus derechos de imagen.<\/span><\/p>\n<p class=\"DETALLE_N_titulo \" style=\"text-align: center;\"><span id=\"ctl14_lblMostra\"><a href=\"https:\/\/www.futboltotal.com.mx\/2017\/06\/copa-confederaciones-2001-la-peor-participacion-del-tri-verde\/\" target=\"_blank\" rel=\"noopener noreferrer\"><span style=\"color: #333399;\">VER M\u00c1S: Copa Confederaciones 2001, la peor participaci\u00f3n del Tri<\/span><\/a><\/span><\/p>\n<p class=\"DETALLE_N_titulo \" style=\"text-align: left;\"><span id=\"ctl14_lblMostra\">El 23 de julio de 2014, Hacienda comunic\u00f3 a Mourinho que se le iba a investigar sus declaraciones de IRPF de los ejercicios 2010-2012 y de No Residentes de 2013 y aport\u00f3 los certificados emitidos por Global Directors Limited de los que se desprend\u00eda que Operating Nominees Limited ostentaba el 100 % de Kooper.<\/p>\n<p>Fue entonces cuando en su liquidaci\u00f3n Hacienda observ\u00f3 que los ingresos percibidos y no declarados por los derechos de imagen eran de 3.249.521 euros en 2011 y 2.805.903 euros en 2012.<\/p>\n<p>De ah\u00ed que el entrenador portugu\u00e9s firmara el 3 de julio de 2015 acta de conformidad en el que reconoc\u00eda falta de declaraci\u00f3n de los derechos de imagen y acced\u00eda a abonar una sanci\u00f3n de 1.14 millones de euros.<\/p>\n<p>Pero tras la conformidad, Hacienda tuvo conocimiento de que Kooper Services &#8220;fue creada por el denunciante con el objeto de ocultar sus derechos de imagen&#8221; y de que es titular del 100% de dicha sociedad a trav\u00e9s de Kaitaia Trust, con sede en Nueva Zelanda, de la que tambi\u00e9n es fundador Mourinho y es beneficiario junto a su esposa e hijos.<\/p>\n<p>&#8220;Dado que no existe diferencia entre el denunciado y la sociedad Kooper, el denunciado present\u00f3 en el expediente documentaci\u00f3n relativa a gastos de la sociedad que no se corresponden con la realidad&#8221;, concluye la Fiscal\u00eda.<\/span><\/p>\n<p class=\"DETALLE_N_titulo \" style=\"text-align: center;\"><a href=\"https:\/\/www.futboltotal.com.mx\/2017\/06\/america-estrenara-patrocinador-en-camiseta\/\" target=\"_blank\" rel=\"noopener noreferrer\"><span style=\"color: #333399;\">VER M\u00c1S: Am\u00e9rica estrenar\u00e1 patrocinador en su camiseta<\/span><\/a><\/p>\n<div id=\"texto\" class=\"texto_txt\"><\/div>\n","protected":false},"excerpt":{"rendered":"<p>Mourinho habr\u00eda cometido dos delitos cuando entrenaba al Real Madrid.<\/p>\n","protected":false},"author":144,"featured_media":475786,"comment_status":"closed","ping_status":"closed","sticky":false,"template":"","format":"standard","meta":[],"categories":[3839,3844,3846],"tags":[4405,288,43,5988],"_links":{"self":[{"href":"http:\/\/desarrollo.grupomedios.com\/futbol\/wp-json\/wp\/v2\/posts\/484349"}],"collection":[{"href":"http:\/\/desarrollo.grupomedios.com\/futbol\/wp-json\/wp\/v2\/posts"}],"about":[{"href":"http:\/\/desarrollo.grupomedios.com\/futbol\/wp-json\/wp\/v2\/types\/post"}],"author":[{"embeddable":true,"href":"http:\/\/desarrollo.grupomedios.com\/futbol\/wp-json\/wp\/v2\/users\/144"}],"replies":[{"embeddable":true,"href":"http:\/\/desarrollo.grupomedios.com\/futbol\/wp-json\/wp\/v2\/comments?post=484349"}],"version-history":[{"count":1,"href":"http:\/\/desarrollo.grupomedios.com\/futbol\/wp-json\/wp\/v2\/posts\/484349\/revisions"}],"predecessor-version":[{"id":484363,"href":"http:\/\/desarrollo.grupomedios.com\/futbol\/wp-json\/wp\/v2\/posts\/484349\/revisions\/484363"}],"wp:featuredmedia":[{"embeddable":true,"href":"http:\/\/desarrollo.grupomedios.com\/futbol\/wp-json\/wp\/v2\/media\/475786"}],"wp:attachment":[{"href":"http:\/\/desarrollo.grupomedios.com\/futbol\/wp-json\/wp\/v2\/media?parent=484349"}],"wp:term":[{"taxonomy":"category","embeddable":true,"href":"http:\/\/desarrollo.grupomedios.com\/futbol\/wp-json\/wp\/v2\/categories?post=484349"},{"taxonomy":"post_tag","embeddable":true,"href":"http:\/\/desarrollo.grupomedios.com\/futbol\/wp-json\/wp\/v2\/tags?post=484349"}],"curies":[{"name":"wp","href":"https:\/\/api.w.org\/{rel}","templated":true}]}}