{"id":484351,"date":"2017-06-20T10:21:45","date_gmt":"2017-06-20T15:21:45","guid":{"rendered":"https:\/\/www.futboltotal.com.mx\/?p=484351"},"modified":"2017-06-20T10:21:45","modified_gmt":"2017-06-20T15:21:45","slug":"fifa-manda-advertencia-a-femexfut-eh-put-en-confederaciones","status":"publish","type":"post","link":"http:\/\/desarrollo.grupomedios.com\/futbol\/destacado-home\/fifa-manda-advertencia-a-femexfut-eh-put-en-confederaciones\/2017\/06","title":{"rendered":"FIFA manda advertencia a Femexfut por &#8220;eh put&#8230;&#8221; en Confederaciones"},"content":{"rendered":"<p>El pol\u00e9mico grito homof\u00f3bico de <strong>&#8220;eh put&#8230;&#8221;<\/strong> se hizo presente en la <strong>Copa Confederaciones<\/strong> en el debut de la <strong>Selecci\u00f3n Mexicana<\/strong> empatando 2-2 con <strong>Portugal<\/strong> y la <strong>FIFA<\/strong>, que hab\u00eda amenazado previamente con castigar estos hechos hasta con la suspensi\u00f3n del partido, ha decidido tomar cartas en el asunto.<\/p>\n<p>La <strong>FIFA<\/strong> ha mandado una <strong>primera advertencia<\/strong> a la <strong>Femexfut<\/strong> (Federaci\u00f3n Mexicana de Futbol) explicando que podr\u00eda seguir un castigo mayor en caso de que la afici\u00f3n del <em><strong>Tri<\/strong><\/em> insista con el grito homof\u00f3bico para los pr\u00f3ximos partidos del equipo mexicano, ante <strong>Nueva Zelanda<\/strong> y el anfitri\u00f3n <strong>Rusia<\/strong>.<\/p>\n<p><strong>Guillermo Cant\u00fa<\/strong>, secretario general de la <strong>Femexfut<\/strong>, acept\u00f3 que los fan\u00e1ticos que insistan en estas actitudes deber\u00edan asumir las consecuencias, aunque resalt\u00f3 que tambi\u00e9n hay un sector de aficionados mexicanos que reprueban estos gritos.<\/p>\n<p style=\"text-align: center;\"><a href=\"https:\/\/www.futboltotal.com.mx\/2017\/06\/america-estrenara-patrocinador-en-camiseta\/\" target=\"_blank\" rel=\"noopener noreferrer\"><span style=\"color: #333399;\">VER M\u00c1S: Am\u00e9rica estrenar\u00e1 patrocinador en su camiseta<\/span><\/a><\/p>\n<p>&#8220;Esta advertencia se da en parte porque tambi\u00e9n un grupo importante de aficionados mexicanos que ha viajado, ha empezado a hacer conciencia y ellos mismos han parado a los que han gritado y eso es muy bueno&#8221;, mencion\u00f3 el directivo en conferencia de prensa.<\/p>\n<p>&#8220;No quisi\u00e9ramos que llegara al punto en que <strong>FIFA<\/strong> empiece a retirar a los aficionados, inclusive con boleto pagado, que empiecen a gritar y que los saquen del estadio. Estamos abiertos a lo que venga. Sabemos que tenemos que recibir consecuencias por nuestros actos&#8221;, a\u00f1adi\u00f3 Cant\u00fa.<\/p>\n<p style=\"text-align: center;\"><a href=\"https:\/\/www.futboltotal.com.mx\/2017\/06\/felipe-mora-estaria-arreglado-con-cruz-azul\/\" target=\"_blank\" rel=\"noopener noreferrer\"><span style=\"color: #333399;\">VER M\u00c1S: Felipe Mora est\u00e1 a una firma de ser jugador de Cruz Azul<\/span><\/a><\/p>\n","protected":false},"excerpt":{"rendered":"<p>El Tri podr\u00eda recibir un castigo grave por el grito homof\u00f3bico de su afici\u00f3n.<\/p>\n","protected":false},"author":20,"featured_media":484355,"comment_status":"closed","ping_status":"closed","sticky":false,"template":"","format":"standard","meta":[],"categories":[3868,5,3839,2198,3847],"tags":[1580,9039,3718],"_links":{"self":[{"href":"http:\/\/desarrollo.grupomedios.com\/futbol\/wp-json\/wp\/v2\/posts\/484351"}],"collection":[{"href":"http:\/\/desarrollo.grupomedios.com\/futbol\/wp-json\/wp\/v2\/posts"}],"about":[{"href":"http:\/\/desarrollo.grupomedios.com\/futbol\/wp-json\/wp\/v2\/types\/post"}],"author":[{"embeddable":true,"href":"http:\/\/desarrollo.grupomedios.com\/futbol\/wp-json\/wp\/v2\/users\/20"}],"replies":[{"embeddable":true,"href":"http:\/\/desarrollo.grupomedios.com\/futbol\/wp-json\/wp\/v2\/comments?post=484351"}],"version-history":[{"count":1,"href":"http:\/\/desarrollo.grupomedios.com\/futbol\/wp-json\/wp\/v2\/posts\/484351\/revisions"}],"predecessor-version":[{"id":484360,"href":"http:\/\/desarrollo.grupomedios.com\/futbol\/wp-json\/wp\/v2\/posts\/484351\/revisions\/484360"}],"wp:featuredmedia":[{"embeddable":true,"href":"http:\/\/desarrollo.grupomedios.com\/futbol\/wp-json\/wp\/v2\/media\/484355"}],"wp:attachment":[{"href":"http:\/\/desarrollo.grupomedios.com\/futbol\/wp-json\/wp\/v2\/media?parent=484351"}],"wp:term":[{"taxonomy":"category","embeddable":true,"href":"http:\/\/desarrollo.grupomedios.com\/futbol\/wp-json\/wp\/v2\/categories?post=484351"},{"taxonomy":"post_tag","embeddable":true,"href":"http:\/\/desarrollo.grupomedios.com\/futbol\/wp-json\/wp\/v2\/tags?post=484351"}],"curies":[{"name":"wp","href":"https:\/\/api.w.org\/{rel}","templated":true}]}}