{"id":484354,"date":"2017-06-20T10:18:44","date_gmt":"2017-06-20T15:18:44","guid":{"rendered":"https:\/\/www.futboltotal.com.mx\/?p=484354"},"modified":"2017-06-20T10:18:44","modified_gmt":"2017-06-20T15:18:44","slug":"italia-estados-unidos-posibles-destinos-zlatan","status":"publish","type":"post","link":"http:\/\/desarrollo.grupomedios.com\/futbol\/futbol-internacional\/italia-estados-unidos-posibles-destinos-zlatan\/2017\/06","title":{"rendered":"Italia o Estados Unidos, posibles destinos de Zlatan"},"content":{"rendered":"<p>El delantero sueco, <strong>Zlatan Ibrahimovic<\/strong>, es uno de los fichajes m\u00e1s esperados en el mercado de fichajes, luego que el <strong>Manchester United<\/strong> no le renovara el contrato.<\/p>\n<p>El agente del futbolista,\u00a0Mino Raiola, expres\u00f3 que existen varios ofrecimientos en <strong>Estados Unidos e Italia<\/strong> por <strong>Zlatan<\/strong>.<\/p>\n<p style=\"text-align: center;\"><span style=\"color: #333399;\"><a style=\"color: #333399;\" href=\"https:\/\/www.futboltotal.com.mx\/2017\/06\/ronaldo-es-del-madrid-y-seguira-siendolo-florentino-perez\/\" target=\"_blank\" rel=\"noopener noreferrer\">VER M\u00c1S: En Madrid, aseguran que Cristiano Ronaldo se queda<\/a><\/span><\/p>\n<blockquote><p>\u201c<strong>Zlatan<\/strong> est\u00e1 bien. Tiene muchas ofertas. De Estados Unidos y m\u00e1s all\u00e1. \u00bfItalia? Tambi\u00e9n podr\u00eda ser posible\u201d, asegur\u00f3 el agente a\u00a0<em>La Gazzetta dello Sport<\/em>.<\/p><\/blockquote>\n<p>Fue cuestionado sobre la posibilidad de llegar al <strong>Napoli<\/strong> o al <strong>AC Milan<\/strong>, sin embargo, estableci\u00f3:\u00a0\u201cNo creo que Napoli sea su siguiente club. AC Milan no ha preguntado, con Galliani ya estar\u00edan aqu\u00ed\u201d.<\/p>\n<p><strong>Zlatan<\/strong> es agente libre y no cabe duda que tendr\u00e1 muchos pretendientes; sin embargo, muchos medios aseguran que ya tiene todo arreglado con <strong>LA Galaxy<\/strong>, equipo de la MLS.<\/p>\n<p style=\"text-align: center;\"><a href=\"https:\/\/www.futboltotal.com.mx\/2017\/06\/chivas-inicio-pretemporada-para-torneo-apertura\/\" target=\"_blank\" rel=\"noopener noreferrer\">VER M\u00c1S: Chivas ya inici\u00f3 su pretemporada<\/a><\/p>\n<p>&nbsp;<\/p>\n","protected":false},"excerpt":{"rendered":"<p>El sueco no ir\u00eda al Napoli o al AC Milan, pues ninguno de los dos equipos han preguntado por \u00e9l<\/p>\n","protected":false},"author":20,"featured_media":479852,"comment_status":"closed","ping_status":"closed","sticky":false,"template":"","format":"standard","meta":[],"categories":[7740,3839],"tags":[310,292,6059],"_links":{"self":[{"href":"http:\/\/desarrollo.grupomedios.com\/futbol\/wp-json\/wp\/v2\/posts\/484354"}],"collection":[{"href":"http:\/\/desarrollo.grupomedios.com\/futbol\/wp-json\/wp\/v2\/posts"}],"about":[{"href":"http:\/\/desarrollo.grupomedios.com\/futbol\/wp-json\/wp\/v2\/types\/post"}],"author":[{"embeddable":true,"href":"http:\/\/desarrollo.grupomedios.com\/futbol\/wp-json\/wp\/v2\/users\/20"}],"replies":[{"embeddable":true,"href":"http:\/\/desarrollo.grupomedios.com\/futbol\/wp-json\/wp\/v2\/comments?post=484354"}],"version-history":[{"count":1,"href":"http:\/\/desarrollo.grupomedios.com\/futbol\/wp-json\/wp\/v2\/posts\/484354\/revisions"}],"predecessor-version":[{"id":484357,"href":"http:\/\/desarrollo.grupomedios.com\/futbol\/wp-json\/wp\/v2\/posts\/484354\/revisions\/484357"}],"wp:featuredmedia":[{"embeddable":true,"href":"http:\/\/desarrollo.grupomedios.com\/futbol\/wp-json\/wp\/v2\/media\/479852"}],"wp:attachment":[{"href":"http:\/\/desarrollo.grupomedios.com\/futbol\/wp-json\/wp\/v2\/media?parent=484354"}],"wp:term":[{"taxonomy":"category","embeddable":true,"href":"http:\/\/desarrollo.grupomedios.com\/futbol\/wp-json\/wp\/v2\/categories?post=484354"},{"taxonomy":"post_tag","embeddable":true,"href":"http:\/\/desarrollo.grupomedios.com\/futbol\/wp-json\/wp\/v2\/tags?post=484354"}],"curies":[{"name":"wp","href":"https:\/\/api.w.org\/{rel}","templated":true}]}}