{"id":484364,"date":"2017-06-20T11:28:32","date_gmt":"2017-06-20T16:28:32","guid":{"rendered":"https:\/\/www.futboltotal.com.mx\/?p=484364"},"modified":"2017-06-20T11:28:32","modified_gmt":"2017-06-20T16:28:32","slug":"gustavo-matosas-nuevo-entrenador-estudiantes-la-plata","status":"publish","type":"post","link":"http:\/\/desarrollo.grupomedios.com\/futbol\/futbol-internacional\/gustavo-matosas-nuevo-entrenador-estudiantes-la-plata\/2017\/06","title":{"rendered":"Gustavo Matosas es el nuevo entrenador de Estudiantes de La Plata"},"content":{"rendered":"<p>Aunque se especulaba que <strong>Gustavo Matosas<\/strong> volver\u00eda a dirigir en el futbol mexicano, el uruguayo ya tiene nuevo equipo luego de que llegara a un acuerdo para entrenar a <strong>Estudiantes de La Plata<\/strong> de Argentina.<\/p>\n<p>El t\u00e9cnico charr\u00faa firmar\u00e1 contrato con el cuadro <em><strong>Pincharrata<\/strong><\/em> por un a\u00f1o y ser\u00e1 presentado el d\u00eda de hoy, con la misi\u00f3n de dirigir a <strong>Estudiantes<\/strong> para los tres partidos restantes del campeonato argentino y conseguir el boleto a Copa Libertadores.<\/p>\n<p><strong>Matosas<\/strong> apenas hab\u00eda pasado unos d\u00edas sin trabajo, luego de que renunciara a su cargo al frente del <strong>Cerro Porte\u00f1o<\/strong> paraguayo, club en el que dur\u00f3 apenas un par de meses con cifras de 8 triunfos, 1 empate y 5 derrotas.<\/p>\n<p style=\"text-align: center;\"><a href=\"https:\/\/www.futboltotal.com.mx\/2017\/06\/jurgen-damm-siguiente-en-salir-a-europa\/\" target=\"_blank\" rel=\"noopener noreferrer\"><span style=\"color: #333399;\">VER M\u00c1S: J\u00fcrgen Damm ser\u00eda el siguiente en emigrar a Europa<\/span><\/a><\/p>\n<blockquote class=\"twitter-tweet\" data-lang=\"es\">\n<p dir=\"ltr\" lang=\"es\"><a href=\"https:\/\/twitter.com\/hashtag\/EDLP?src=hash\">#EDLP<\/a> \u26bd\ufe0f F\u00fatbol Profesional \u2502Gustavo Matosas es el nuevo entrenador de Estudiantes y ser\u00e1 presentado ma\u00f1ana. La nota <a href=\"https:\/\/t.co\/JZw7yzY1my\">https:\/\/t.co\/JZw7yzY1my<\/a> <a href=\"https:\/\/t.co\/5in7jJJMy3\">pic.twitter.com\/5in7jJJMy3<\/a><\/p>\n<p>\u2014 Estudiantes de L.P. (@EdelpOficial) <a href=\"https:\/\/twitter.com\/EdelpOficial\/status\/876924053197430784\">19 de junio de 2017<\/a><\/p><\/blockquote>\n<p><script async src=\"\/\/platform.twitter.com\/widgets.js\" charset=\"utf-8\"><\/script><\/p>\n","protected":false},"excerpt":{"rendered":"<p>Matosas recientemente renunci\u00f3 a su cargo al frente del Cerro Porte\u00f1o.<\/p>\n","protected":false},"author":20,"featured_media":455398,"comment_status":"closed","ping_status":"closed","sticky":false,"template":"","format":"standard","meta":[],"categories":[3839,7495],"tags":[4159,93],"_links":{"self":[{"href":"http:\/\/desarrollo.grupomedios.com\/futbol\/wp-json\/wp\/v2\/posts\/484364"}],"collection":[{"href":"http:\/\/desarrollo.grupomedios.com\/futbol\/wp-json\/wp\/v2\/posts"}],"about":[{"href":"http:\/\/desarrollo.grupomedios.com\/futbol\/wp-json\/wp\/v2\/types\/post"}],"author":[{"embeddable":true,"href":"http:\/\/desarrollo.grupomedios.com\/futbol\/wp-json\/wp\/v2\/users\/20"}],"replies":[{"embeddable":true,"href":"http:\/\/desarrollo.grupomedios.com\/futbol\/wp-json\/wp\/v2\/comments?post=484364"}],"version-history":[{"count":2,"href":"http:\/\/desarrollo.grupomedios.com\/futbol\/wp-json\/wp\/v2\/posts\/484364\/revisions"}],"predecessor-version":[{"id":484379,"href":"http:\/\/desarrollo.grupomedios.com\/futbol\/wp-json\/wp\/v2\/posts\/484364\/revisions\/484379"}],"wp:featuredmedia":[{"embeddable":true,"href":"http:\/\/desarrollo.grupomedios.com\/futbol\/wp-json\/wp\/v2\/media\/455398"}],"wp:attachment":[{"href":"http:\/\/desarrollo.grupomedios.com\/futbol\/wp-json\/wp\/v2\/media?parent=484364"}],"wp:term":[{"taxonomy":"category","embeddable":true,"href":"http:\/\/desarrollo.grupomedios.com\/futbol\/wp-json\/wp\/v2\/categories?post=484364"},{"taxonomy":"post_tag","embeddable":true,"href":"http:\/\/desarrollo.grupomedios.com\/futbol\/wp-json\/wp\/v2\/tags?post=484364"}],"curies":[{"name":"wp","href":"https:\/\/api.w.org\/{rel}","templated":true}]}}