{"id":484369,"date":"2017-06-20T11:06:01","date_gmt":"2017-06-20T16:06:01","guid":{"rendered":"https:\/\/www.futboltotal.com.mx\/?p=484369"},"modified":"2017-06-20T11:06:01","modified_gmt":"2017-06-20T16:06:01","slug":"jurgen-damm-siguiente-en-salir-a-europa","status":"publish","type":"post","link":"http:\/\/desarrollo.grupomedios.com\/futbol\/destacado-home\/jurgen-damm-siguiente-en-salir-a-europa\/2017\/06","title":{"rendered":"J\u00fcrgen Damm ser\u00eda el siguiente en salir a Europa"},"content":{"rendered":"<p>Luego de que se hiciera oficial la <span style=\"color: #3366ff;\"><a style=\"color: #3366ff;\" href=\"https:\/\/www.futboltotal.com.mx\/2017\/06\/psv-eindhoven-confirma-fichaje-del-chucky-lozano\/\" target=\"_blank\" rel=\"noopener noreferrer\">salida de Hirving Lozano al futbol europeo<\/a><\/span>, el t\u00e9cnico de la Selecci\u00f3n Mexicana, Juan Carlos Osorio, confes\u00f3 que <span style=\"color: #3366ff;\"><a style=\"color: #3366ff;\" href=\"https:\/\/www.futboltotal.com.mx\/2017\/06\/juan-carlos-osorio-quiere-jurgen-damm-sea-siguiente-en-salir-a-europa\/\" target=\"_blank\" rel=\"noopener noreferrer\">le gustar\u00eda ver a jugadores como J\u00fcrgen Damm abrirse camino en el Viejo Continente<\/a><\/span>.<\/p>\n<p>Parece que el t\u00e9cnico del TRI algo sabe, pues el mismo jugador de <strong>Tigres<\/strong> ha revelado que tiene la oportunidad de salir al futbol europeo para la pr\u00f3xima temporada, por lo que agradeci\u00f3 la confianza de los felinos y de Ricardo Ferretti.<\/p>\n<p style=\"text-align: center;\"><span style=\"color: #3366ff;\"><a style=\"color: #3366ff;\" href=\"https:\/\/www.futboltotal.com.mx\/2017\/06\/fifa-manda-advertencia-a-femexfut-eh-put-en-confederaciones\/\">VER M\u00c1S: FIFA manda advertencia a Femexfut por \u201ceh put\u2026\u201d en Confederaciones<\/a><\/span><\/p>\n<p>En entrevista con <em>Univisi\u00f3n Deportes<\/em>, <strong>Damm<\/strong> confes\u00f3 que hay tres ofertas por sus servicios y todo depender\u00e1 de la directiva de los <strong>Tigres<\/strong>, pues ver\u00e1n si les conviene a ellos y al jugador.<\/p>\n<p>&#8220;Hay una oferta de un equipo ingl\u00e9s. Gracias a Dios hay esa oferta y dos equipos m\u00e1s interesados\u201d, coment\u00f3 <strong>Damm<\/strong>.<\/p>\n<p style=\"text-align: center;\"><span style=\"color: #3366ff;\"><a style=\"color: #3366ff;\" href=\"https:\/\/www.futboltotal.com.mx\/2017\/06\/felipe-mora-estaria-arreglado-con-cruz-azul\/\">VER M\u00c1S: Felipe Mora est\u00e1 a una firma de ser jugador de Cruz Azul<\/a><\/span><\/p>\n<p>Aqu\u00ed la entrevista completa.<\/p>\n<p><iframe loading=\"lazy\" src=\"https:\/\/www.youtube.com\/embed\/rTL9bDiT1EQ?feature=oembed\" frameborder=\"0\" allowfullscreen><\/iframe><\/p>\n","protected":false},"excerpt":{"rendered":"<p>El jugador de Tigres confirm\u00f3 ofertas del futbol europeo.<\/p>\n","protected":false},"author":20,"featured_media":481776,"comment_status":"closed","ping_status":"closed","sticky":false,"template":"","format":"standard","meta":[],"categories":[5,2198,3845],"tags":[1916,64,5973],"_links":{"self":[{"href":"http:\/\/desarrollo.grupomedios.com\/futbol\/wp-json\/wp\/v2\/posts\/484369"}],"collection":[{"href":"http:\/\/desarrollo.grupomedios.com\/futbol\/wp-json\/wp\/v2\/posts"}],"about":[{"href":"http:\/\/desarrollo.grupomedios.com\/futbol\/wp-json\/wp\/v2\/types\/post"}],"author":[{"embeddable":true,"href":"http:\/\/desarrollo.grupomedios.com\/futbol\/wp-json\/wp\/v2\/users\/20"}],"replies":[{"embeddable":true,"href":"http:\/\/desarrollo.grupomedios.com\/futbol\/wp-json\/wp\/v2\/comments?post=484369"}],"version-history":[{"count":1,"href":"http:\/\/desarrollo.grupomedios.com\/futbol\/wp-json\/wp\/v2\/posts\/484369\/revisions"}],"predecessor-version":[{"id":484373,"href":"http:\/\/desarrollo.grupomedios.com\/futbol\/wp-json\/wp\/v2\/posts\/484369\/revisions\/484373"}],"wp:featuredmedia":[{"embeddable":true,"href":"http:\/\/desarrollo.grupomedios.com\/futbol\/wp-json\/wp\/v2\/media\/481776"}],"wp:attachment":[{"href":"http:\/\/desarrollo.grupomedios.com\/futbol\/wp-json\/wp\/v2\/media?parent=484369"}],"wp:term":[{"taxonomy":"category","embeddable":true,"href":"http:\/\/desarrollo.grupomedios.com\/futbol\/wp-json\/wp\/v2\/categories?post=484369"},{"taxonomy":"post_tag","embeddable":true,"href":"http:\/\/desarrollo.grupomedios.com\/futbol\/wp-json\/wp\/v2\/tags?post=484369"}],"curies":[{"name":"wp","href":"https:\/\/api.w.org\/{rel}","templated":true}]}}