{"id":484401,"date":"2017-06-20T13:38:11","date_gmt":"2017-06-20T18:38:11","guid":{"rendered":"https:\/\/www.futboltotal.com.mx\/?p=484401"},"modified":"2017-06-20T13:38:11","modified_gmt":"2017-06-20T18:38:11","slug":"marchesin-no-saldra-de-america-santiago-banos","status":"publish","type":"post","link":"http:\/\/desarrollo.grupomedios.com\/futbol\/futbol-mexicano\/marchesin-no-saldra-de-america-santiago-banos\/2017\/06","title":{"rendered":"&#8220;Marches\u00edn se queda en Am\u00e9rica&#8221;: Santiago Ba\u00f1os"},"content":{"rendered":"<p>Ante los rumores que colocaban al portero de las <em>\u00c1guilas<\/em> del <strong>Am\u00e9rica<\/strong>, <a href=\"https:\/\/www.futboltotal.com.mx\/2017\/06\/america-podria-quedarse-sin-marchesin\/\" target=\"_blank\" rel=\"noopener noreferrer\"><span style=\"color: #333399;\"><strong>Agust\u00edn Marches\u00edn<\/strong><\/span><\/a>, en <strong>River Plate<\/strong>, el presidente deportivo del<a href=\"https:\/\/www.futboltotal.com.mx\/2017\/06\/america-estrenara-patrocinador-en-camiseta\/\" target=\"_blank\" rel=\"noopener noreferrer\"> <span style=\"color: #333399;\"><strong>Club Am\u00e9rica<\/strong><\/span><\/a>, <strong>Santiago Ba\u00f1os<\/strong>, asegur\u00f3 que el guardameta argentino no saldr\u00e1 de la instituci\u00f3n.<\/p>\n<p>\u201cNo queremos debilitarnos en esa posici\u00f3n, influyen los promotores pero estamos muy contento con Marche y queremos que se quede mucho tiempo\u201d, declar\u00f3 el directivo para Fox Sports.<\/p>\n<p style=\"text-align: center;\"><a href=\"https:\/\/www.futboltotal.com.mx\/2017\/06\/juvenil-santos-podria-partir-rumbo-al-futbol-europeo\/\" target=\"_blank\" rel=\"noopener noreferrer\"><span style=\"color: #333399;\">VER M\u00c1S: Un juvenil de Santos podr\u00eda partir rumbo al futbol europeo<\/span><\/a><\/p>\n<p>El rumor creci\u00f3 debido a que el conjunto argentino se encuentra buscando refuerzos para afrontar la <strong>Copa Libertadores<\/strong> y la <strong>Liga Argentin<\/strong>a.<\/p>\n<p>Po otra parte, <strong>Ba\u00f1os<\/strong> habl\u00f3 sobre la posible salida de <a href=\"https:\/\/www.futboltotal.com.mx\/2017\/06\/destino-darwin-quintero-en-la-mls\/\" target=\"_blank\" rel=\"noopener noreferrer\"><span style=\"color: #333399;\"><strong>Darwin Quintero<\/strong><\/span><\/a> a la <strong>MLS<\/strong>: \u201cEst\u00e1 en la pretemporada y es parte del plantel, est\u00e1 trabajando y se le ve contento. Ya veremos m\u00e1s adelante si llega una oferta de la MLS, si le interesa a Darwin y al club, podemos ver la posibilidad de sus salida. Mientras no llegue una oferta formal sigue en el plantel y est\u00e1 considerado\u201d, finaliz\u00f3.<\/p>\n<p style=\"text-align: center;\"><a href=\"https:\/\/www.futboltotal.com.mx\/2017\/06\/jurgen-damm-siguiente-en-salir-a-europa\/\" target=\"_blank\" rel=\"noopener noreferrer\"><span style=\"color: #333399;\">VER M\u00c1S:\u00a0J\u00fcrgen Damm ser\u00eda el siguiente en salir a Europa<\/span><\/a><\/p>\n","protected":false},"excerpt":{"rendered":"<p>Habr\u00e1 Marches\u00edn para rato, el presidente deportivo del Am\u00e9rica, Santiago Ba\u00f1os, asegur\u00f3 que no saldr\u00e1 del club.<\/p>\n","protected":false},"author":20,"featured_media":484404,"comment_status":"closed","ping_status":"closed","sticky":false,"template":"","format":"standard","meta":[],"categories":[2198,3845],"tags":[6118,1774,1396,284,3769,195,164,4372],"_links":{"self":[{"href":"http:\/\/desarrollo.grupomedios.com\/futbol\/wp-json\/wp\/v2\/posts\/484401"}],"collection":[{"href":"http:\/\/desarrollo.grupomedios.com\/futbol\/wp-json\/wp\/v2\/posts"}],"about":[{"href":"http:\/\/desarrollo.grupomedios.com\/futbol\/wp-json\/wp\/v2\/types\/post"}],"author":[{"embeddable":true,"href":"http:\/\/desarrollo.grupomedios.com\/futbol\/wp-json\/wp\/v2\/users\/20"}],"replies":[{"embeddable":true,"href":"http:\/\/desarrollo.grupomedios.com\/futbol\/wp-json\/wp\/v2\/comments?post=484401"}],"version-history":[{"count":1,"href":"http:\/\/desarrollo.grupomedios.com\/futbol\/wp-json\/wp\/v2\/posts\/484401\/revisions"}],"predecessor-version":[{"id":484406,"href":"http:\/\/desarrollo.grupomedios.com\/futbol\/wp-json\/wp\/v2\/posts\/484401\/revisions\/484406"}],"wp:featuredmedia":[{"embeddable":true,"href":"http:\/\/desarrollo.grupomedios.com\/futbol\/wp-json\/wp\/v2\/media\/484404"}],"wp:attachment":[{"href":"http:\/\/desarrollo.grupomedios.com\/futbol\/wp-json\/wp\/v2\/media?parent=484401"}],"wp:term":[{"taxonomy":"category","embeddable":true,"href":"http:\/\/desarrollo.grupomedios.com\/futbol\/wp-json\/wp\/v2\/categories?post=484401"},{"taxonomy":"post_tag","embeddable":true,"href":"http:\/\/desarrollo.grupomedios.com\/futbol\/wp-json\/wp\/v2\/tags?post=484401"}],"curies":[{"name":"wp","href":"https:\/\/api.w.org\/{rel}","templated":true}]}}