{"id":484433,"date":"2017-06-20T15:10:08","date_gmt":"2017-06-20T20:10:08","guid":{"rendered":"https:\/\/www.futboltotal.com.mx\/?p=484433"},"modified":"2017-06-20T15:10:08","modified_gmt":"2017-06-20T20:10:08","slug":"raul-jimenez-se-compromete-a-mejorar","status":"publish","type":"post","link":"http:\/\/desarrollo.grupomedios.com\/futbol\/futbol-internacional\/raul-jimenez-se-compromete-a-mejorar\/2017\/06","title":{"rendered":"Ra\u00fal Jim\u00e9nez se compromete a mejorar su nivel"},"content":{"rendered":"<p>El delantero mexicano del <a href=\"https:\/\/www.futboltotal.com.mx\/2017\/06\/david-banda-hijo-de-madonna-jugara-con-benfica\/\" target=\"_blank\" rel=\"noopener noreferrer\"><span style=\"color: #333399;\"><strong>Benfica<\/strong><\/span><\/a>, <a href=\"https:\/\/www.futboltotal.com.mx\/2017\/06\/mensaje-del-futbolista-portugues-a-raul-jimenez-calentar-encuentro\/\" target=\"_blank\" rel=\"noopener noreferrer\"><span style=\"color: #333399;\"><strong>Ra\u00fal Alonso Jim\u00e9nez<\/strong><\/span><\/a>, quien desconoce si seguir\u00e1 en el cuadro de <strong>Lisboa<\/strong> o saldr\u00e1 la pr\u00f3xima temporada, se comprometi\u00f3 a mejorar su nivel de juego para tener m\u00e1s minutos.<\/p>\n<p>El exjugador americanista tuvo una temporada llena de altibajos a causa de las constantes lesiones, no obstante, cada vez que fue requerido respondi\u00f3 de buena forma y sus goles fueron fundamentales en la obtenci\u00f3n del doblete.<\/p>\n<p style=\"text-align: center;\"><a href=\"https:\/\/www.futboltotal.com.mx\/2017\/06\/pumas-eligio-a-gerardo-alcoba-como-capitan\/\" target=\"_blank\" rel=\"noopener noreferrer\"><span style=\"color: #333399;\">VER M\u00c1S:\u00a0Gerardo Alcoba, nuevo capit\u00e1n de Pumas<\/span><\/a><\/p>\n<p>\u201cEspero que s\u00ed tenga mayor actividad, pero el que decide es el t\u00e9cnico Rui Vitoria. Voy a trabajar para mejorar\u201d, dijo el jugador que se encuentra concentrado con la<a href=\"https:\/\/www.futboltotal.com.mx\/2017\/06\/fifa-manda-advertencia-a-femexfut-eh-put-en-confederaciones\/\" target=\"_blank\" rel=\"noopener noreferrer\"><span style=\"color: #333399;\"><strong> Selecci\u00f3n Mexicana<\/strong> <\/span><\/a>que disputa la <strong><a href=\"https:\/\/www.futboltotal.com.mx\/2017\/06\/crack-retro-copa-confederaciones-michael-laudrup\/\" target=\"_blank\" rel=\"noopener noreferrer\"><span style=\"color: #333399;\">Copa Confederaciones<\/span><\/a> Rusia 2017<\/strong>.<\/p>\n<p>En declaraciones recogidas por la prensa lusitana, el atacante azteca desea que los refuerzos que lleguen a las <em>\u00c1guilas<\/em> aporten y beneficien al club para seguir cosechando t\u00edtulos.<\/p>\n<p style=\"text-align: center;\"><a href=\"https:\/\/www.futboltotal.com.mx\/2017\/06\/osorio-defiende-ehh-puto-hay-gritos-peores\/\" target=\"_blank\" rel=\"noopener noreferrer\"><span style=\"color: #333399;\">VER M\u00c1S:\u00a0Osorio defiende el \u2018Ehh put\u2026\u2019: \u201cHay gritos peores\u201d<\/span><\/a><\/p>\n<p>\u201cHe seguido las noticias a trav\u00e9s de las redes sociales. Que venga lo que sea mejor para Benfica, todos queremos seguir ganando\u201d.<\/p>\n","protected":false},"excerpt":{"rendered":"<p>Ra\u00fal Jim\u00e9nez desea tener m\u00e1s minutos con el Benfica y para ello se comprometi\u00f3 a seguir mejorando.<\/p>\n","protected":false},"author":20,"featured_media":484437,"comment_status":"closed","ping_status":"closed","sticky":false,"template":"","format":"standard","meta":[],"categories":[3839,7709,6718],"tags":[6060,1580,742,6648,8853],"_links":{"self":[{"href":"http:\/\/desarrollo.grupomedios.com\/futbol\/wp-json\/wp\/v2\/posts\/484433"}],"collection":[{"href":"http:\/\/desarrollo.grupomedios.com\/futbol\/wp-json\/wp\/v2\/posts"}],"about":[{"href":"http:\/\/desarrollo.grupomedios.com\/futbol\/wp-json\/wp\/v2\/types\/post"}],"author":[{"embeddable":true,"href":"http:\/\/desarrollo.grupomedios.com\/futbol\/wp-json\/wp\/v2\/users\/20"}],"replies":[{"embeddable":true,"href":"http:\/\/desarrollo.grupomedios.com\/futbol\/wp-json\/wp\/v2\/comments?post=484433"}],"version-history":[{"count":1,"href":"http:\/\/desarrollo.grupomedios.com\/futbol\/wp-json\/wp\/v2\/posts\/484433\/revisions"}],"predecessor-version":[{"id":484438,"href":"http:\/\/desarrollo.grupomedios.com\/futbol\/wp-json\/wp\/v2\/posts\/484433\/revisions\/484438"}],"wp:featuredmedia":[{"embeddable":true,"href":"http:\/\/desarrollo.grupomedios.com\/futbol\/wp-json\/wp\/v2\/media\/484437"}],"wp:attachment":[{"href":"http:\/\/desarrollo.grupomedios.com\/futbol\/wp-json\/wp\/v2\/media?parent=484433"}],"wp:term":[{"taxonomy":"category","embeddable":true,"href":"http:\/\/desarrollo.grupomedios.com\/futbol\/wp-json\/wp\/v2\/categories?post=484433"},{"taxonomy":"post_tag","embeddable":true,"href":"http:\/\/desarrollo.grupomedios.com\/futbol\/wp-json\/wp\/v2\/tags?post=484433"}],"curies":[{"name":"wp","href":"https:\/\/api.w.org\/{rel}","templated":true}]}}