{"id":484441,"date":"2017-06-20T15:28:05","date_gmt":"2017-06-20T20:28:05","guid":{"rendered":"https:\/\/www.futboltotal.com.mx\/?p=484441"},"modified":"2017-06-20T15:28:05","modified_gmt":"2017-06-20T20:28:05","slug":"tigres-quiere-eduardo-vargas-tenga-la-misma-motivacion-en-chile","status":"publish","type":"post","link":"http:\/\/desarrollo.grupomedios.com\/futbol\/futbol-mexicano\/tigres-quiere-eduardo-vargas-tenga-la-misma-motivacion-en-chile\/2017\/06","title":{"rendered":"Tigres quiere que Eduardo Vargas tenga la misma motivaci\u00f3n que en Chile"},"content":{"rendered":"<p>El delantero chileno <strong>Eduardo Vargas<\/strong> es uno con su selecci\u00f3n, en la que parece tener una &#8220;motivaci\u00f3n especial&#8221;, y otro con su equipo, el <strong>Tigres UANL<\/strong> mexicano, analiz\u00f3 este martes el presidente del equipo Alejandro Rodr\u00edguez.<\/p>\n<p><strong>Vargas<\/strong>, de 27 a\u00f1os, marc\u00f3 el domingo uno de los goles con los que<strong> Chile <a href=\"https:\/\/www.futboltotal.com.mx\/2017\/06\/resultados-camerun-0-2-chile-copa-confederaciones\/\" target=\"_blank\" rel=\"noopener noreferrer\">derrot\u00f3 por 2-0 a Camer\u00fan <\/a><\/strong>y lleg\u00f3 a 34 goles con <em>La Roja<\/em>, cifra con la que empat\u00f3 a Iv\u00e1n Zamorano en el tercer puesto como mejor goleador de la selecci\u00f3n chilena y tiene por delante a Marcelo Salas y Alexis S\u00e1nchez, ambos con 37.<\/p>\n<p style=\"text-align: center;\"><span style=\"color: #3366ff;\"><a style=\"color: #3366ff;\" href=\"https:\/\/www.futboltotal.com.mx\/2017\/06\/jurgen-damm-siguiente-en-salir-a-europa\/\">VER M\u00c1S: J\u00fcrgen Damm ser\u00eda el siguiente en salir a Europa<\/a><\/span><\/p>\n<blockquote><p>&#8220;Que siga as\u00ed, ya prend\u00ed un cirio para que siga as\u00ed, jugando bien. Por eso vino Eduardo (a <strong>Tigres<\/strong>) y por eso tambi\u00e9n fue uno de los jugadores que r\u00e1pidamente se adapt\u00f3 al grupo&#8221;, dijo Rodr\u00edguez a medios durante la aplicaci\u00f3n de ex\u00e1menes m\u00e9dicos al equipo para el pr\u00f3ximo Apertura 2017.<\/p>\n<p>&#8220;Obviamente se ve que en la selecci\u00f3n tiene una motivaci\u00f3n especial, un extra para jugar, ese extra tambi\u00e9n lo queremos ver aqu\u00ed en <strong>Tigres<\/strong> cuando regrese&#8221;, agreg\u00f3.<\/p><\/blockquote>\n<p>Reconoci\u00f3 que Vargas, quien debut\u00f3 con el Cobreloa y luego jug\u00f3 para la Universidad de Chile, &#8220;es un jugador importante&#8221; y se\u00f1al\u00f3 que los medios dicen que &#8220;es bueno para la selecci\u00f3n y no para un club&#8221;.<\/p>\n<p>Rodr\u00edguez asegur\u00f3 que durante la pausa entre torneos no han recibido oferta alguna por el chileno y la informaci\u00f3n que se ha escuchado o publicado sobre Vargas son s\u00f3lo rumores<\/p>\n<p style=\"text-align: center;\"><span style=\"color: #3366ff;\"><a style=\"color: #3366ff;\" href=\"https:\/\/www.futboltotal.com.mx\/2017\/06\/en-francia-quieren-a-ochoa-termine-la-confederaciones\/\">VER M\u00c1S: En Francia quieren a Ochoa antes de que termine la Confederaciones<\/a><\/span><\/p>\n<p>&#8220;Nos tenemos que manejar en base a cosas tangibles; nos ha hablado el representante del representante del representante, pero mientras no sea un club el que hable con nosotros, no aceptamos nada&#8221;, finaliz\u00f3.<\/p>\n<p>En el pasado Clausura 2017, <strong>Vargas<\/strong> particip\u00f3 en 12 partidos de Liga, ocho como titular, en los que apenas marc\u00f3 un gol. EFE<\/p>\n","protected":false},"excerpt":{"rendered":"<p>El goleador chileno apenas marc\u00f3 un gol con los felinos.<\/p>\n","protected":false},"author":144,"featured_media":472638,"comment_status":"closed","ping_status":"closed","sticky":false,"template":"","format":"standard","meta":[],"categories":[2198,3845],"tags":[5994,64,5973],"_links":{"self":[{"href":"http:\/\/desarrollo.grupomedios.com\/futbol\/wp-json\/wp\/v2\/posts\/484441"}],"collection":[{"href":"http:\/\/desarrollo.grupomedios.com\/futbol\/wp-json\/wp\/v2\/posts"}],"about":[{"href":"http:\/\/desarrollo.grupomedios.com\/futbol\/wp-json\/wp\/v2\/types\/post"}],"author":[{"embeddable":true,"href":"http:\/\/desarrollo.grupomedios.com\/futbol\/wp-json\/wp\/v2\/users\/144"}],"replies":[{"embeddable":true,"href":"http:\/\/desarrollo.grupomedios.com\/futbol\/wp-json\/wp\/v2\/comments?post=484441"}],"version-history":[{"count":1,"href":"http:\/\/desarrollo.grupomedios.com\/futbol\/wp-json\/wp\/v2\/posts\/484441\/revisions"}],"predecessor-version":[{"id":484442,"href":"http:\/\/desarrollo.grupomedios.com\/futbol\/wp-json\/wp\/v2\/posts\/484441\/revisions\/484442"}],"wp:featuredmedia":[{"embeddable":true,"href":"http:\/\/desarrollo.grupomedios.com\/futbol\/wp-json\/wp\/v2\/media\/472638"}],"wp:attachment":[{"href":"http:\/\/desarrollo.grupomedios.com\/futbol\/wp-json\/wp\/v2\/media?parent=484441"}],"wp:term":[{"taxonomy":"category","embeddable":true,"href":"http:\/\/desarrollo.grupomedios.com\/futbol\/wp-json\/wp\/v2\/categories?post=484441"},{"taxonomy":"post_tag","embeddable":true,"href":"http:\/\/desarrollo.grupomedios.com\/futbol\/wp-json\/wp\/v2\/tags?post=484441"}],"curies":[{"name":"wp","href":"https:\/\/api.w.org\/{rel}","templated":true}]}}