{"id":484448,"date":"2017-06-20T16:26:09","date_gmt":"2017-06-20T21:26:09","guid":{"rendered":"https:\/\/www.futboltotal.com.mx\/?p=484448"},"modified":"2017-06-20T16:29:57","modified_gmt":"2017-06-20T21:29:57","slug":"tri-nuevo-llamado-erradicar-grito-eh-pu","status":"publish","type":"post","link":"http:\/\/desarrollo.grupomedios.com\/futbol\/futbol-mexicano\/tri-nuevo-llamado-erradicar-grito-eh-pu\/2017\/06","title":{"rendered":"Tri hace un nuevo llamado para erradicar grito &#8216;eh pu&#8230;&#8217;"},"content":{"rendered":"<p>Despu\u00e9s que la <span style=\"color: #333399;\"><a style=\"color: #333399;\" href=\"https:\/\/www.futboltotal.com.mx\/2017\/06\/fifa-manda-advertencia-a-femexfut-eh-put-en-confederaciones\/\" target=\"_blank\" rel=\"noopener noreferrer\">FIFA hiciera una nueva advertencia a la FMF<\/a><\/span> debido a los gritos que realiza la afici\u00f3n mexicana cuando despeja el portero visitante, ahora durante la\u00a0<strong>Copa Confederaciones <\/strong>de<strong> Rusia 2017<\/strong>, la <strong>Selecci\u00f3n Mexicana<\/strong> realiz\u00f3 un nuevo llamado para erradicar esta pr\u00e1ctica.<\/p>\n<p style=\"text-align: center;\"><span style=\"color: #333399;\"><a style=\"color: #333399;\" href=\"https:\/\/www.futboltotal.com.mx\/2017\/06\/te-acuerdas-mexico-vs-argentina-2005\/\" target=\"_blank\" rel=\"noopener noreferrer\">VER M\u00c1S: El inolvidable M\u00e9xico vs Argentina del 2005 en Copa Confederaciones<\/a><\/span><\/p>\n<p><strong>&#8220;Tenemos la mejor afici\u00f3n del mundo. Es momento de unirnos y demostrarlo&#8221;<\/strong>, apareci\u00f3 en el Twitter oficial de la <strong>Selecci\u00f3n Mexicana<\/strong>, quien lanz\u00f3 un comunicado para pedirle a la afici\u00f3n que detenga el grito, esto para evitar cualquier tipo de sanci\u00f3n o que detengan el partido.<\/p>\n<p>&#8220;De continuar con este comportamiento de nada servir\u00e1 el esfuerzo en la cancha si por esto perdemos el juego, si se suspende un partido o si te expulsan del estadio; perdemos nosotros, pierdes t\u00fa, perdemos todos&#8221;,\u00a0culmina el comunicado del <strong>Tri<\/strong> en redes sociales<\/p>\n<p style=\"text-align: center;\"><span style=\"color: #333399;\"><a style=\"color: #333399;\" href=\"https:\/\/www.futboltotal.com.mx\/2017\/06\/en-francia-quieren-a-ochoa-termine-la-confederaciones\/\" target=\"_blank\" rel=\"noopener noreferrer\">VER M\u00c1S: En Francia quieren a Ochoa antes de que culmine su participaci\u00f3n en Copa Confederaciones<\/a><\/span><\/p>\n<p><a href=\"https:\/\/www.futboltotal.com.mx\/wp-content\/uploads\/2017\/06\/comunicado-Tri.jpg\"><img decoding=\"async\" loading=\"lazy\" class=\"alignnone size-full wp-image-484450\" src=\"https:\/\/www.futboltotal.com.mx\/wp-content\/uploads\/2017\/06\/comunicado-Tri.jpg\" alt=\"Tri hace un nuevo llamado para erradicar grito &#8216;eh pu&#8230;&#8217; 0\" srcset=\"http:\/\/desarrollo.grupomedios.com\/futbol\/wp-content\/uploads\/2017\/06\/comunicado-Tri.jpg 1199w, http:\/\/desarrollo.grupomedios.com\/futbol\/wp-content\/uploads\/2017\/06\/comunicado-Tri-300x150.jpg 300w, http:\/\/desarrollo.grupomedios.com\/futbol\/wp-content\/uploads\/2017\/06\/comunicado-Tri-768x384.jpg 768w, http:\/\/desarrollo.grupomedios.com\/futbol\/wp-content\/uploads\/2017\/06\/comunicado-Tri-1024x512.jpg 1024w, http:\/\/desarrollo.grupomedios.com\/futbol\/wp-content\/uploads\/2017\/06\/comunicado-Tri-340x171.jpg 340w\" sizes=\"(max-width: 1199px) 100vw, 1199px\" \/><\/a><\/p>\n<div class=\"media_embed\"><\/div>\n","protected":false},"excerpt":{"rendered":"<p>Un comunicado lanzado en redes sociales, pretende terminar de una vez por todas con el famoso grito para evitar sanciones<\/p>\n","protected":false},"author":20,"featured_media":484456,"comment_status":"closed","ping_status":"closed","sticky":false,"template":"","format":"standard","meta":[],"categories":[2198,3847],"tags":[1580,361,65,8853,409],"_links":{"self":[{"href":"http:\/\/desarrollo.grupomedios.com\/futbol\/wp-json\/wp\/v2\/posts\/484448"}],"collection":[{"href":"http:\/\/desarrollo.grupomedios.com\/futbol\/wp-json\/wp\/v2\/posts"}],"about":[{"href":"http:\/\/desarrollo.grupomedios.com\/futbol\/wp-json\/wp\/v2\/types\/post"}],"author":[{"embeddable":true,"href":"http:\/\/desarrollo.grupomedios.com\/futbol\/wp-json\/wp\/v2\/users\/20"}],"replies":[{"embeddable":true,"href":"http:\/\/desarrollo.grupomedios.com\/futbol\/wp-json\/wp\/v2\/comments?post=484448"}],"version-history":[{"count":2,"href":"http:\/\/desarrollo.grupomedios.com\/futbol\/wp-json\/wp\/v2\/posts\/484448\/revisions"}],"predecessor-version":[{"id":484457,"href":"http:\/\/desarrollo.grupomedios.com\/futbol\/wp-json\/wp\/v2\/posts\/484448\/revisions\/484457"}],"wp:featuredmedia":[{"embeddable":true,"href":"http:\/\/desarrollo.grupomedios.com\/futbol\/wp-json\/wp\/v2\/media\/484456"}],"wp:attachment":[{"href":"http:\/\/desarrollo.grupomedios.com\/futbol\/wp-json\/wp\/v2\/media?parent=484448"}],"wp:term":[{"taxonomy":"category","embeddable":true,"href":"http:\/\/desarrollo.grupomedios.com\/futbol\/wp-json\/wp\/v2\/categories?post=484448"},{"taxonomy":"post_tag","embeddable":true,"href":"http:\/\/desarrollo.grupomedios.com\/futbol\/wp-json\/wp\/v2\/tags?post=484448"}],"curies":[{"name":"wp","href":"https:\/\/api.w.org\/{rel}","templated":true}]}}