{"id":484487,"date":"2017-06-20T19:34:57","date_gmt":"2017-06-21T00:34:57","guid":{"rendered":"https:\/\/www.futboltotal.com.mx\/?p=484487"},"modified":"2017-06-20T19:34:57","modified_gmt":"2017-06-21T00:34:57","slug":"chivas-presentara-uniforme-en-su-estadio","status":"publish","type":"post","link":"http:\/\/desarrollo.grupomedios.com\/futbol\/futbol-mexicano\/chivas-presentara-uniforme-en-su-estadio\/2017\/06","title":{"rendered":"Chivas presentar\u00e1 su nueva piel el 13 de julio"},"content":{"rendered":"<p><span style=\"color: #000000; font-size: large;\"><span style=\"font-family: Oxygen, sans-serif;\">Las <a href=\"https:\/\/www.futboltotal.com.mx\/2017\/06\/chivas-tendria-otra-baja-inicio-del-apertura-2017\/\" target=\"_blank\" rel=\"noopener noreferrer\"><span style=\"color: #333399;\"><strong>Chivas<\/strong><\/span><\/a>, flamante campe\u00f3n de <strong>Copa<\/strong> y del <strong>Clausura 2017<\/strong> presentar\u00e1 su nueva <a href=\"https:\/\/www.futboltotal.com.mx\/2017\/06\/chivas-seguiria-usando-jersey-sin-publicidad\/\" target=\"_blank\" rel=\"noopener noreferrer\"><span style=\"color: #333399;\">piel<\/span><\/a> en el <strong>Estadio Chivas<\/strong> el pr\u00f3ximo 13 de julio, en conjunto con <strong>Puma<\/strong>, marca que patrocina al <em>Reba\u00f1o Sagrado<\/em>.<\/span><\/span><\/p>\n<p><span style=\"color: #000000; font-size: large;\"><span style=\"font-family: Oxygen, sans-serif;\">El <a href=\"https:\/\/www.futboltotal.com.mx\/2017\/06\/chivas-inicio-pretemporada-para-torneo-apertura\/\" target=\"_blank\" rel=\"noopener noreferrer\"><span style=\"color: #333399;\"><strong>Guadalajara<\/strong><\/span><\/a> viaj\u00f3 a <strong>Canc\u00fan<\/strong> a la pretemporada con playeras tipo polo en color rojo, mientras que cuerpo t\u00e9cnico y staff portaron una playera en color azul marino.<\/span><\/span><\/p>\n<p style=\"text-align: center;\"><a href=\"https:\/\/www.futboltotal.com.mx\/2017\/06\/matias-almeyda-anuncia-ruptura-laboral\/\" target=\"_blank\" rel=\"noopener noreferrer\"><span style=\"color: #333399;\">VER M\u00c1S:\u00a0\u00a1Mat\u00edas Almeyda anuncia ruptura laboral!<\/span><\/a><\/p>\n<p><span style=\"color: #000000; font-size: large;\"><span style=\"font-family: Oxygen, sans-serif;\">El due\u00f1o del conjunto <em>Rojiblanco<\/em> y due\u00f1o de <strong>Grupo Omnilife<\/strong>&#8211;<strong>Chivas<\/strong>, <strong>Jorge Vergara<\/strong>, ha prescindido de patrocinadores en la playera del equipo, situaci\u00f3n que los aficionados espera para el pr\u00f3ximo a\u00f1o futbol\u00edstico, es por ello que le pidi\u00f3 a los aficionados que apoyen al equipo comprando sus playeras y asistiendo al estadio.<\/span><\/span><\/p>\n<p style=\"text-align: center;\"><a href=\"https:\/\/www.futboltotal.com.mx\/2017\/06\/toluca-buscara-dos-refuerzos-en-extranjero\/\" target=\"_blank\" rel=\"noopener noreferrer\"><span style=\"color: #333399;\">VER M\u00c1S:\u00a0Toluca buscar\u00e1 dos refuerzos m\u00e1s en el extranjero<\/span><\/a><\/p>\n<p>&nbsp;<\/p>\n","protected":false},"excerpt":{"rendered":"<p>Chivas presentar\u00e1 su nueva piel en conjunto con Puma en el Estadio de Chivas.<\/p>\n","protected":false},"author":20,"featured_media":484490,"comment_status":"closed","ping_status":"closed","sticky":false,"template":"","format":"standard","meta":[],"categories":[2198,3845],"tags":[70,9102,9101,5963,243,4838],"_links":{"self":[{"href":"http:\/\/desarrollo.grupomedios.com\/futbol\/wp-json\/wp\/v2\/posts\/484487"}],"collection":[{"href":"http:\/\/desarrollo.grupomedios.com\/futbol\/wp-json\/wp\/v2\/posts"}],"about":[{"href":"http:\/\/desarrollo.grupomedios.com\/futbol\/wp-json\/wp\/v2\/types\/post"}],"author":[{"embeddable":true,"href":"http:\/\/desarrollo.grupomedios.com\/futbol\/wp-json\/wp\/v2\/users\/20"}],"replies":[{"embeddable":true,"href":"http:\/\/desarrollo.grupomedios.com\/futbol\/wp-json\/wp\/v2\/comments?post=484487"}],"version-history":[{"count":2,"href":"http:\/\/desarrollo.grupomedios.com\/futbol\/wp-json\/wp\/v2\/posts\/484487\/revisions"}],"predecessor-version":[{"id":484493,"href":"http:\/\/desarrollo.grupomedios.com\/futbol\/wp-json\/wp\/v2\/posts\/484487\/revisions\/484493"}],"wp:featuredmedia":[{"embeddable":true,"href":"http:\/\/desarrollo.grupomedios.com\/futbol\/wp-json\/wp\/v2\/media\/484490"}],"wp:attachment":[{"href":"http:\/\/desarrollo.grupomedios.com\/futbol\/wp-json\/wp\/v2\/media?parent=484487"}],"wp:term":[{"taxonomy":"category","embeddable":true,"href":"http:\/\/desarrollo.grupomedios.com\/futbol\/wp-json\/wp\/v2\/categories?post=484487"},{"taxonomy":"post_tag","embeddable":true,"href":"http:\/\/desarrollo.grupomedios.com\/futbol\/wp-json\/wp\/v2\/tags?post=484487"}],"curies":[{"name":"wp","href":"https:\/\/api.w.org\/{rel}","templated":true}]}}