{"id":484496,"date":"2017-06-20T20:25:43","date_gmt":"2017-06-21T01:25:43","guid":{"rendered":"https:\/\/www.futboltotal.com.mx\/?p=484496"},"modified":"2017-06-20T20:25:43","modified_gmt":"2017-06-21T01:25:43","slug":"herrera-confirma-fichaje-con-glasgow-rangers","status":"publish","type":"post","link":"http:\/\/desarrollo.grupomedios.com\/futbol\/futbol-internacional\/herrera-confirma-fichaje-con-glasgow-rangers\/2017\/06","title":{"rendered":"Herrera confirma fichaje con el Rangers, s\u00f3lo falta su firma"},"content":{"rendered":"<p>El delantero mexicano <a href=\"https:\/\/www.futboltotal.com.mx\/2017\/06\/eduardo-herrera-ya-esta-en-glasgow-pumas-confirma-venta-al-rangers\/\" target=\"_blank\" rel=\"noopener noreferrer\"><span style=\"color: #333399;\"><strong>Eduardo Herrera<\/strong><\/span><\/a>, confirm\u00f3 para la cadena ESPN que ya obtuvo su visa de trabajo y jugar\u00e1 con el <strong>Glasgow Rangers<\/strong> de Escocia por las pr\u00f3ximas tres temporadas.<\/p>\n<p>\u201cVoy comprado, a firmar por tres a\u00f1os as\u00ed que estoy muy contento por esta oportunidad, este nuevo reto en mi carrera y con un sue\u00f1o cumplido, el de poder jugar en Europa\u201d, dijo el jugador salido de la cantera de los <strong>Pumas de la UNAM<\/strong>.<\/p>\n<p style=\"text-align: center;\"><span style=\"color: #333399;\">V<a style=\"color: #333399;\" href=\"https:\/\/www.futboltotal.com.mx\/2017\/06\/chivas-presentara-uniforme-en-su-estadio\/\">ER M\u00c1S:\u00a0Chivas presentar\u00e1 su nueva piel el 13 de julio<\/a><\/span><\/p>\n<p><a href=\"https:\/\/www.futboltotal.com.mx\/2017\/05\/caixinha-buscaria-a-eduardo-herrera-sus-rangers\/\" target=\"_blank\" rel=\"noopener noreferrer\"><span style=\"color: #333399;\"><strong>Herrera<\/strong><\/span><\/a> tuvo que ser analizado por un comit\u00e9 de la <strong>Primera Divisi\u00f3n<\/strong> de <strong>Escocia<\/strong> al no contar con un porcentaje m\u00ednimo de convocatorias a\u00a0la <strong>Selecci\u00f3n Mexicana<\/strong>, mismo que le dio el aval para incorporarse a la escuadra dirigida por el estratega luso <strong><a href=\"https:\/\/www.futboltotal.com.mx\/2017\/06\/caixinha-quiere-a-layun-rangers\/\" target=\"_blank\" rel=\"noopener noreferrer\"><span style=\"color: #333399;\">Pedro Caixinha<\/span><\/a>,\u00a0<\/strong>quien dirigi\u00f3 a <em>Lalo<\/em> en su paso por <strong>Santos Laguna<\/strong>.<\/p>\n<p>\u201cEst\u00e1 todo listo para viajar hoy mismo a Escocia y poder hacerlo ya de manera oficial. Fue una negociaci\u00f3n de varias semanas donde se vieron varios puntos que se necesitaban de tr\u00e1mites para jugar en las ligas del Reino Unido\u201d, agreg\u00f3 el mexicano.<\/p>\n<p style=\"text-align: center;\"><span style=\"color: #333399;\"><a style=\"color: #333399;\" href=\"https:\/\/www.futboltotal.com.mx\/2017\/06\/boca-juniors-se-proclama-campeon-argentina\/\">VER M\u00c1S: \u00a1Boca Juniors se proclama campe\u00f3n de Argentina!<\/a><\/span><\/p>\n<p>Con la visa de trabajo en sus manos y con el aval del comit\u00e9 escoc\u00e9s, <strong>Herrera<\/strong> viajar\u00e1 cuanto antes al <strong>Reino Unido<\/strong> para estampar su firma e incorporarse al resto de sus compa\u00f1eros.<\/p>\n<p>\u201cRepresenta algo muy grande en mi carrera y tambi\u00e9n en lo personal. Dejar tu pa\u00eds no es nada f\u00e1cil, pero para poder cumplir los sue\u00f1os hay que hacer ciertos sacrificios\u201d, asever\u00f3 <em>Lalo<\/em> <strong>Herrera<\/strong> en entrevista para SportCenter de ESPN.<\/p>\n<p style=\"text-align: center;\"><a href=\"https:\/\/www.futboltotal.com.mx\/2017\/06\/mourinho-le-cierra-las-puertas-del-united-a-cristiano-ronaldo\/\" target=\"_blank\" rel=\"noopener noreferrer\"><span style=\"color: #333399;\">VER M\u00c1S:\u00a0Mourinho le cierra las puertas a CR7 para que vuelva al Man U<\/span><\/a><\/p>\n","protected":false},"excerpt":{"rendered":"<p>Eduardo Herrera, un mexicano m\u00e1s que se va a Europa, as\u00ed lo confirm\u00f3 el propio jugador.<\/p>\n","protected":false},"author":20,"featured_media":484498,"comment_status":"closed","ping_status":"closed","sticky":false,"template":"","format":"standard","meta":[],"categories":[7740,3839],"tags":[1140,1237,1968,74,2403,174,5976],"_links":{"self":[{"href":"http:\/\/desarrollo.grupomedios.com\/futbol\/wp-json\/wp\/v2\/posts\/484496"}],"collection":[{"href":"http:\/\/desarrollo.grupomedios.com\/futbol\/wp-json\/wp\/v2\/posts"}],"about":[{"href":"http:\/\/desarrollo.grupomedios.com\/futbol\/wp-json\/wp\/v2\/types\/post"}],"author":[{"embeddable":true,"href":"http:\/\/desarrollo.grupomedios.com\/futbol\/wp-json\/wp\/v2\/users\/20"}],"replies":[{"embeddable":true,"href":"http:\/\/desarrollo.grupomedios.com\/futbol\/wp-json\/wp\/v2\/comments?post=484496"}],"version-history":[{"count":1,"href":"http:\/\/desarrollo.grupomedios.com\/futbol\/wp-json\/wp\/v2\/posts\/484496\/revisions"}],"predecessor-version":[{"id":484499,"href":"http:\/\/desarrollo.grupomedios.com\/futbol\/wp-json\/wp\/v2\/posts\/484496\/revisions\/484499"}],"wp:featuredmedia":[{"embeddable":true,"href":"http:\/\/desarrollo.grupomedios.com\/futbol\/wp-json\/wp\/v2\/media\/484498"}],"wp:attachment":[{"href":"http:\/\/desarrollo.grupomedios.com\/futbol\/wp-json\/wp\/v2\/media?parent=484496"}],"wp:term":[{"taxonomy":"category","embeddable":true,"href":"http:\/\/desarrollo.grupomedios.com\/futbol\/wp-json\/wp\/v2\/categories?post=484496"},{"taxonomy":"post_tag","embeddable":true,"href":"http:\/\/desarrollo.grupomedios.com\/futbol\/wp-json\/wp\/v2\/tags?post=484496"}],"curies":[{"name":"wp","href":"https:\/\/api.w.org\/{rel}","templated":true}]}}