{"id":484505,"date":"2017-06-20T21:24:24","date_gmt":"2017-06-21T02:24:24","guid":{"rendered":"https:\/\/www.futboltotal.com.mx\/?p=484505"},"modified":"2017-06-20T21:41:38","modified_gmt":"2017-06-21T02:41:38","slug":"tecatito-habria-dejado-a-mexico-para-vacacionar-con-su-esposa","status":"publish","type":"post","link":"http:\/\/desarrollo.grupomedios.com\/futbol\/futbol-internacional\/tecatito-habria-dejado-a-mexico-para-vacacionar-con-su-esposa\/2017\/06","title":{"rendered":"&#8216;Tecatito&#8217; habr\u00eda dejado al Tri para vacacionar con su esposa"},"content":{"rendered":"<p><span style=\"color: #4d5055;\"><span style=\"font-family: Oxygen, sans-serif;\"><span style=\"font-size: large;\">Tal parece que <strong>Jes\u00fas<\/strong> &#8216;Tecatito&#8217; <strong>Corona<\/strong> habr\u00eda abandonado la concentraci\u00f3n de la <strong>Selecci\u00f3n Mexicana<\/strong> que se encuentra disputando la <strong>Copa Confederaciones Rusia 2017<\/strong>, para vacacionar con su esposa.<\/span><\/span><\/span><\/p>\n<p><span style=\"color: #4d5055;\"><span style=\"font-family: Oxygen, sans-serif;\"><span style=\"font-size: large;\">Al principio se especul\u00f3 que el jugador del <strong>Porto<\/strong> dej\u00f3 al <em>Tricolor<\/em> debido a problemas legales por parte de su esposa <strong>Gabriela Garc\u00eda<\/strong>, pero fue ella misma quien se encarg\u00f3 de desmentir el rumor.<\/span><\/span><\/span><\/p>\n<p><span style=\"color: #4d5055;\"><span style=\"font-family: Oxygen, sans-serif;\"><span style=\"font-size: large;\">Su salida del combinado nacional se dio de forma muy extra\u00f1a, ya que se desconocen los motivos exactos que orillaron al delantero a tomar esa decisi\u00f3n, al grado de que el futbolista mexicano dio de baja sus redes sociales. <\/span><\/span><\/span><\/p>\n<p><span style=\"color: #4d5055;\"><span style=\"font-family: Oxygen, sans-serif;\"><span style=\"font-size: large;\">Sin embargo, todo parece indicar que el jugador de los <em>Dragones<\/em> anda muy tranquilo y disfrutando con su familia, ya que su esposa subi\u00f3 una foto a su cuenta de <strong>Instagram<\/strong> en la que se le ve tomada de la mano con quien aparentemente ser\u00eda &#8216;Tecatito&#8217; en un avi\u00f3n privado.\u00a0La joven pareja\u00a0es<\/span><\/span><\/span><span style=\"font-size: large; font-family: Oxygen, sans-serif; color: #4d5055;\">\u00a0amantes de los destinos tur\u00edsticos.<\/span><\/p>\n<p><a href=\"https:\/\/www.futboltotal.com.mx\/wp-content\/uploads\/2017\/06\/1.jpg\"><img decoding=\"async\" loading=\"lazy\" class=\"size-medium wp-image-484506 aligncenter\" src=\"https:\/\/www.futboltotal.com.mx\/wp-content\/uploads\/2017\/06\/1-169x300.jpg\" alt=\"&#8216;Tecatito&#8217; habr\u00eda dejado al Tri para vacacionar con su esposa 0\" srcset=\"http:\/\/desarrollo.grupomedios.com\/futbol\/wp-content\/uploads\/2017\/06\/1-169x300.jpg 169w, http:\/\/desarrollo.grupomedios.com\/futbol\/wp-content\/uploads\/2017\/06\/1-768x1365.jpg 768w, http:\/\/desarrollo.grupomedios.com\/futbol\/wp-content\/uploads\/2017\/06\/1-576x1024.jpg 576w, http:\/\/desarrollo.grupomedios.com\/futbol\/wp-content\/uploads\/2017\/06\/1.jpg 900w\" sizes=\"(max-width: 169px) 100vw, 169px\" \/><\/a><\/p>\n<p><a href=\"https:\/\/www.futboltotal.com.mx\/wp-content\/uploads\/2017\/06\/5bd02317-03e2-459a-9e41-c1e7b944b9ce.jpeg\"><img decoding=\"async\" loading=\"lazy\" class=\"size-medium wp-image-484507 aligncenter\" src=\"https:\/\/www.futboltotal.com.mx\/wp-content\/uploads\/2017\/06\/5bd02317-03e2-459a-9e41-c1e7b944b9ce-300x297.jpeg\" alt=\"&#8216;Tecatito&#8217; habr\u00eda dejado al Tri para vacacionar con su esposa 1\" srcset=\"http:\/\/desarrollo.grupomedios.com\/futbol\/wp-content\/uploads\/2017\/06\/5bd02317-03e2-459a-9e41-c1e7b944b9ce-300x297.jpeg 300w, http:\/\/desarrollo.grupomedios.com\/futbol\/wp-content\/uploads\/2017\/06\/5bd02317-03e2-459a-9e41-c1e7b944b9ce-150x150.jpeg 150w, http:\/\/desarrollo.grupomedios.com\/futbol\/wp-content\/uploads\/2017\/06\/5bd02317-03e2-459a-9e41-c1e7b944b9ce.jpeg 750w\" sizes=\"(max-width: 300px) 100vw, 300px\" \/><\/a><\/p>\n<p><a href=\"https:\/\/www.futboltotal.com.mx\/wp-content\/uploads\/2017\/06\/cdfff897-60cf-42ae-b474-f24f6d68b9df.jpeg\"><img decoding=\"async\" loading=\"lazy\" class=\"size-medium wp-image-484508 aligncenter\" src=\"https:\/\/www.futboltotal.com.mx\/wp-content\/uploads\/2017\/06\/cdfff897-60cf-42ae-b474-f24f6d68b9df-300x298.jpeg\" alt=\"&#8216;Tecatito&#8217; habr\u00eda dejado al Tri para vacacionar con su esposa 2\" srcset=\"http:\/\/desarrollo.grupomedios.com\/futbol\/wp-content\/uploads\/2017\/06\/cdfff897-60cf-42ae-b474-f24f6d68b9df-300x298.jpeg 300w, http:\/\/desarrollo.grupomedios.com\/futbol\/wp-content\/uploads\/2017\/06\/cdfff897-60cf-42ae-b474-f24f6d68b9df-150x150.jpeg 150w, http:\/\/desarrollo.grupomedios.com\/futbol\/wp-content\/uploads\/2017\/06\/cdfff897-60cf-42ae-b474-f24f6d68b9df.jpeg 750w\" sizes=\"(max-width: 300px) 100vw, 300px\" \/><\/a><\/p>\n<p><a href=\"https:\/\/www.futboltotal.com.mx\/wp-content\/uploads\/2017\/06\/095158dc-496b-4738-8b5e-38d301d2f331.jpeg\"><img decoding=\"async\" loading=\"lazy\" class=\"size-medium wp-image-484509 aligncenter\" src=\"https:\/\/www.futboltotal.com.mx\/wp-content\/uploads\/2017\/06\/095158dc-496b-4738-8b5e-38d301d2f331-300x294.jpeg\" alt=\"&#8216;Tecatito&#8217; habr\u00eda dejado al Tri para vacacionar con su esposa 3\" srcset=\"http:\/\/desarrollo.grupomedios.com\/futbol\/wp-content\/uploads\/2017\/06\/095158dc-496b-4738-8b5e-38d301d2f331-300x294.jpeg 300w, http:\/\/desarrollo.grupomedios.com\/futbol\/wp-content\/uploads\/2017\/06\/095158dc-496b-4738-8b5e-38d301d2f331.jpeg 750w\" sizes=\"(max-width: 300px) 100vw, 300px\" \/><\/a><\/p>\n<p>&nbsp;<\/p>\n<p><span style=\"font-size: large; font-family: Oxygen, sans-serif; color: #4d5055;\"><strong>Jes\u00fas Manuel Corona<\/strong> deber\u00e1 reportar en los pr\u00f3ximos d\u00edas con el <strong>FC Porto<\/strong>, para iniciar trabajos de pretemporada, a la espera de que pueda surgir una oferta por el jugador que lo haga cambiar de aires.<\/span><\/p>\n<p>&nbsp;<\/p>\n","protected":false},"excerpt":{"rendered":"<p>Parece que Jes\u00fas Manuel Corona se olvid\u00f3 de la Selecci\u00f3n Mexicana y se fue de vacaciones con su esposa.<\/p>\n","protected":false},"author":20,"featured_media":484512,"comment_status":"closed","ping_status":"closed","sticky":false,"template":"","format":"standard","meta":[],"categories":[5419,3839],"tags":[1580,9103,5789,5443,1208,8853,3985],"_links":{"self":[{"href":"http:\/\/desarrollo.grupomedios.com\/futbol\/wp-json\/wp\/v2\/posts\/484505"}],"collection":[{"href":"http:\/\/desarrollo.grupomedios.com\/futbol\/wp-json\/wp\/v2\/posts"}],"about":[{"href":"http:\/\/desarrollo.grupomedios.com\/futbol\/wp-json\/wp\/v2\/types\/post"}],"author":[{"embeddable":true,"href":"http:\/\/desarrollo.grupomedios.com\/futbol\/wp-json\/wp\/v2\/users\/20"}],"replies":[{"embeddable":true,"href":"http:\/\/desarrollo.grupomedios.com\/futbol\/wp-json\/wp\/v2\/comments?post=484505"}],"version-history":[{"count":2,"href":"http:\/\/desarrollo.grupomedios.com\/futbol\/wp-json\/wp\/v2\/posts\/484505\/revisions"}],"predecessor-version":[{"id":484519,"href":"http:\/\/desarrollo.grupomedios.com\/futbol\/wp-json\/wp\/v2\/posts\/484505\/revisions\/484519"}],"wp:featuredmedia":[{"embeddable":true,"href":"http:\/\/desarrollo.grupomedios.com\/futbol\/wp-json\/wp\/v2\/media\/484512"}],"wp:attachment":[{"href":"http:\/\/desarrollo.grupomedios.com\/futbol\/wp-json\/wp\/v2\/media?parent=484505"}],"wp:term":[{"taxonomy":"category","embeddable":true,"href":"http:\/\/desarrollo.grupomedios.com\/futbol\/wp-json\/wp\/v2\/categories?post=484505"},{"taxonomy":"post_tag","embeddable":true,"href":"http:\/\/desarrollo.grupomedios.com\/futbol\/wp-json\/wp\/v2\/tags?post=484505"}],"curies":[{"name":"wp","href":"https:\/\/api.w.org\/{rel}","templated":true}]}}