{"id":484511,"date":"2017-06-21T09:10:03","date_gmt":"2017-06-21T14:10:03","guid":{"rendered":"https:\/\/www.futboltotal.com.mx\/?p=484511"},"modified":"2017-06-21T09:37:04","modified_gmt":"2017-06-21T14:37:04","slug":"nueva-zelanda-for-dummies","status":"publish","type":"post","link":"http:\/\/desarrollo.grupomedios.com\/futbol\/destacado-home\/nueva-zelanda-for-dummies\/2017\/06","title":{"rendered":"\u00a1El futbol en Nueva Zelanda for Dummies! Conoce al rival del Tri"},"content":{"rendered":"<p>Es conocido por muchos, que <strong>Nueva Zelanda<\/strong> fue el territorio donde se filmaron las trilog\u00edas de <em>El Se\u00f1or de los Anillos<\/em> y de <em>El Hobbit<\/em>, adaptaciones cinematogr\u00e1ficas de las obras literarias escritas por J.R.R. Tolkien; algo curioso, pues si compar\u00e1ramos el mundo de dicho autor con el futbol, la selecci\u00f3n neozelandesa bien podr\u00eda ser el equitativo a la raza m\u00e1s peque\u00f1a e insignificante de dicho universo.<\/p>\n<p><strong>Nueva Zelanda<\/strong> ser\u00eda el s\u00edmil id\u00f3neo de un <em>Hobbit<\/em> en el mundo del futbol, pues es la selecci\u00f3n m\u00e1s competitiva de su confederaci\u00f3n, considerando que Australia ya no compite en las eliminatorias de Ocean\u00eda; desafortunadamente, esa zona de competencia, es la de menor rango a nivel mundial, por tanto, es a la que menor atenci\u00f3n se le presta.<\/p>\n<p style=\"text-align: center;\"><span style=\"color: #3366ff;\"><a style=\"color: #3366ff;\" href=\"https:\/\/www.futboltotal.com.mx\/2017\/06\/ex-jugadores-liga-mx-lideran-goleo-individual-argentina\/\" target=\"_blank\" rel=\"noopener noreferrer\"><strong>VER M\u00c1S:Ex jugadores de Liga MX lideran goleo en Argentina<\/strong><\/a><\/span><\/p>\n<p>La selecci\u00f3n de <strong>Nueva Zelanda<\/strong> es el siguiente rival del <em>Tri<\/em> en la Copa Confederaciones, es por ello que en <strong>Futbol Total<\/strong>, adaptamos la tierra media de J.R.R. Tolkien al mundo del futbol, para explicar los datos m\u00e1s relevantes de los <em>All Whites<\/em>.<\/p>\n<p style=\"text-align: center;\"><span style=\"color: #3366ff;\"><a style=\"color: #3366ff;\" href=\"https:\/\/www.futboltotal.com.mx\/2017\/06\/matias-almeyda-anuncia-ruptura-laboral\/\" target=\"_blank\" rel=\"noopener noreferrer\"><strong>VER M\u00c1S: Mat\u00edas Almyeda concluye relaci\u00f3n laboral<\/strong><\/a><\/span><\/p>\n<p><a href=\"https:\/\/www.futboltotal.com.mx\/wp-content\/uploads\/2017\/06\/nuevazelanda.jpg\"><img decoding=\"async\" loading=\"lazy\" class=\"alignnone size-full wp-image-484515\" src=\"https:\/\/www.futboltotal.com.mx\/wp-content\/uploads\/2017\/06\/nuevazelanda.jpg\" alt=\"\u00a1El futbol en Nueva Zelanda for Dummies! Conoce al rival del Tri 0\" srcset=\"http:\/\/desarrollo.grupomedios.com\/futbol\/wp-content\/uploads\/2017\/06\/nuevazelanda.jpg 858w, http:\/\/desarrollo.grupomedios.com\/futbol\/wp-content\/uploads\/2017\/06\/nuevazelanda-235x300.jpg 235w, http:\/\/desarrollo.grupomedios.com\/futbol\/wp-content\/uploads\/2017\/06\/nuevazelanda-768x978.jpg 768w, http:\/\/desarrollo.grupomedios.com\/futbol\/wp-content\/uploads\/2017\/06\/nuevazelanda-804x1024.jpg 804w\" sizes=\"(max-width: 858px) 100vw, 858px\" \/><\/a><\/p>\n<p style=\"text-align: center;\"><span style=\"color: #3366ff;\"><a style=\"color: #3366ff;\" href=\"https:\/\/en-vivo.futboltotal.com.mx\/partido\/mexico-vs-nueva-zelanda-copa-confederaciones\/118\/\" target=\"_blank\" rel=\"noopener noreferrer\"><strong>VER M\u00c1S: M\u00e9xico vs Nueva Zelanda En Vivo Copa Confederaciones<\/strong><\/a><\/span><\/p>\n","protected":false},"excerpt":{"rendered":"<p>Todo lo que quieres saber sobre la selecci\u00f3n m\u00e1s peque\u00f1a de la tierra media pambolera.<\/p>\n","protected":false},"author":20,"featured_media":484513,"comment_status":"closed","ping_status":"closed","sticky":false,"template":"","format":"standard","meta":[],"categories":[3868,5,3839,2198,3847],"tags":[142],"_links":{"self":[{"href":"http:\/\/desarrollo.grupomedios.com\/futbol\/wp-json\/wp\/v2\/posts\/484511"}],"collection":[{"href":"http:\/\/desarrollo.grupomedios.com\/futbol\/wp-json\/wp\/v2\/posts"}],"about":[{"href":"http:\/\/desarrollo.grupomedios.com\/futbol\/wp-json\/wp\/v2\/types\/post"}],"author":[{"embeddable":true,"href":"http:\/\/desarrollo.grupomedios.com\/futbol\/wp-json\/wp\/v2\/users\/20"}],"replies":[{"embeddable":true,"href":"http:\/\/desarrollo.grupomedios.com\/futbol\/wp-json\/wp\/v2\/comments?post=484511"}],"version-history":[{"count":4,"href":"http:\/\/desarrollo.grupomedios.com\/futbol\/wp-json\/wp\/v2\/posts\/484511\/revisions"}],"predecessor-version":[{"id":484531,"href":"http:\/\/desarrollo.grupomedios.com\/futbol\/wp-json\/wp\/v2\/posts\/484511\/revisions\/484531"}],"wp:featuredmedia":[{"embeddable":true,"href":"http:\/\/desarrollo.grupomedios.com\/futbol\/wp-json\/wp\/v2\/media\/484513"}],"wp:attachment":[{"href":"http:\/\/desarrollo.grupomedios.com\/futbol\/wp-json\/wp\/v2\/media?parent=484511"}],"wp:term":[{"taxonomy":"category","embeddable":true,"href":"http:\/\/desarrollo.grupomedios.com\/futbol\/wp-json\/wp\/v2\/categories?post=484511"},{"taxonomy":"post_tag","embeddable":true,"href":"http:\/\/desarrollo.grupomedios.com\/futbol\/wp-json\/wp\/v2\/tags?post=484511"}],"curies":[{"name":"wp","href":"https:\/\/api.w.org\/{rel}","templated":true}]}}