{"id":484627,"date":"2017-06-21T16:21:35","date_gmt":"2017-06-21T21:21:35","guid":{"rendered":"https:\/\/www.futboltotal.com.mx\/?p=484627"},"modified":"2017-06-21T16:21:35","modified_gmt":"2017-06-21T21:21:35","slug":"extirpan-tumor-benigno-a-carlos-cisneros-de-chivas","status":"publish","type":"post","link":"http:\/\/desarrollo.grupomedios.com\/futbol\/futbol-mexicano\/extirpan-tumor-benigno-a-carlos-cisneros-de-chivas\/2017\/06","title":{"rendered":"Extirpan tumor benigno a Carlos Cisneros"},"content":{"rendered":"<p><a href=\"https:\/\/www.futboltotal.com.mx\/2017\/06\/chivas-tendria-otra-baja-inicio-del-apertura-2017\/\" target=\"_blank\" rel=\"noopener noreferrer\"><span style=\"color: #333399;\"><strong>Carlos Cisneros<\/strong> <\/span><\/a>fue sometido a una intervenci\u00f3n quir\u00fargica en la que le fue extirpado un tumor benigno de un hueso de su pierna, mismo que lo mantendr\u00e1 alejado de\u00a0<a href=\"https:\/\/www.futboltotal.com.mx\/2017\/06\/chivas-presentara-uniforme-en-su-estadio\/\" target=\"_blank\" rel=\"noopener noreferrer\"><span style=\"color: #333399;\"><strong>Chivas <\/strong><\/span><\/a>para la pretemporada.<\/p>\n<p>\u201cAfortunadamente lo que ten\u00eda Carlos era un peque\u00f1ito tumor benigno de un cent\u00edmetro de ancho, por uno de largo y uno de profundiza, en la cortical anterior de la pierna en el hueso de la tibia; se pudo hacer un vaciamiento completo del mismo, que seg\u00fan reportes de patolog\u00eda en este momento transoperatorio no tiene datos de malignidad, por lo que se pudo rellenar nuevamente con hueso, cerrar la zona y dejar completamente limpio\u201d, dijo <strong>Antonio Tagnola<\/strong>, m\u00e9dico que intervino al jugador del Reba\u00f1o Sagrado.<\/p>\n<p style=\"text-align: center;\"><a href=\"https:\/\/www.futboltotal.com.mx\/2017\/06\/resultado-mexico-2-1-nueva-zelanda-copa-confederaciones-2017\/\" target=\"_blank\" rel=\"noopener noreferrer\">V<span style=\"color: #333399;\">ER M\u00c1S:\u00a0M\u00e9xico saca ag\u00f3nico triunfo ante Nueva Zelanda<\/span><\/a><\/p>\n<p>Respecto al tipo y tiempo de recuperaci\u00f3n que tendr\u00e1 el jugador de <strong>Chivas<\/strong>, <strong>Tagnola<\/strong> asever\u00f3 que podr\u00e1 estar listo en un mes.<\/p>\n<p>\u201cEste procedimiento genera una debilidad en el hueso, por lo que estar\u00e1 alrededor de unas tres semanas sin apoyo para posteriormente reintegrarlo a sus actividades de forma progresiva, primero con apoyo, despu\u00e9s con fortalecimiento-terapia y m\u00e1s adelante con su actividad normal regresando con bal\u00f3n, espero una recuperaci\u00f3n al 100 por ciento, estar\u00e1 de regreso muy pronto y haciendo goles\u201d, finaliz\u00f3.<\/p>\n<p style=\"text-align: center;\"><a href=\"https:\/\/www.futboltotal.com.mx\/2017\/06\/osorio-se-disculpa-insultar-al-auxiliar-nueva-zelanda\/\" target=\"_blank\" rel=\"noopener noreferrer\"><span style=\"color: #333399;\">VER M\u00c1S:\u00a0Osorio se disculpa por insultar al auxiliar de Nueva Zelanda<\/span><\/a><\/p>\n","protected":false},"excerpt":{"rendered":"<p>Afortunadamente para Carlos Cisneros, el tumor que ten\u00eda en la pierna era benigno y podr\u00e1 volver a las canchas en un mes.<\/p>\n","protected":false},"author":20,"featured_media":484631,"comment_status":"closed","ping_status":"closed","sticky":false,"template":"","format":"standard","meta":[],"categories":[2198,3845],"tags":[9106,7961,70,5963,9105],"_links":{"self":[{"href":"http:\/\/desarrollo.grupomedios.com\/futbol\/wp-json\/wp\/v2\/posts\/484627"}],"collection":[{"href":"http:\/\/desarrollo.grupomedios.com\/futbol\/wp-json\/wp\/v2\/posts"}],"about":[{"href":"http:\/\/desarrollo.grupomedios.com\/futbol\/wp-json\/wp\/v2\/types\/post"}],"author":[{"embeddable":true,"href":"http:\/\/desarrollo.grupomedios.com\/futbol\/wp-json\/wp\/v2\/users\/20"}],"replies":[{"embeddable":true,"href":"http:\/\/desarrollo.grupomedios.com\/futbol\/wp-json\/wp\/v2\/comments?post=484627"}],"version-history":[{"count":1,"href":"http:\/\/desarrollo.grupomedios.com\/futbol\/wp-json\/wp\/v2\/posts\/484627\/revisions"}],"predecessor-version":[{"id":484634,"href":"http:\/\/desarrollo.grupomedios.com\/futbol\/wp-json\/wp\/v2\/posts\/484627\/revisions\/484634"}],"wp:featuredmedia":[{"embeddable":true,"href":"http:\/\/desarrollo.grupomedios.com\/futbol\/wp-json\/wp\/v2\/media\/484631"}],"wp:attachment":[{"href":"http:\/\/desarrollo.grupomedios.com\/futbol\/wp-json\/wp\/v2\/media?parent=484627"}],"wp:term":[{"taxonomy":"category","embeddable":true,"href":"http:\/\/desarrollo.grupomedios.com\/futbol\/wp-json\/wp\/v2\/categories?post=484627"},{"taxonomy":"post_tag","embeddable":true,"href":"http:\/\/desarrollo.grupomedios.com\/futbol\/wp-json\/wp\/v2\/tags?post=484627"}],"curies":[{"name":"wp","href":"https:\/\/api.w.org\/{rel}","templated":true}]}}