{"id":484633,"date":"2017-06-21T16:50:25","date_gmt":"2017-06-21T21:50:25","guid":{"rendered":"https:\/\/www.futboltotal.com.mx\/?p=484633"},"modified":"2017-06-21T16:50:25","modified_gmt":"2017-06-21T21:50:25","slug":"oribe-peralta-tercer-americanista-en-anotar-en-copa-confederaciones","status":"publish","type":"post","link":"http:\/\/desarrollo.grupomedios.com\/futbol\/futbol-mexicano\/oribe-peralta-tercer-americanista-en-anotar-en-copa-confederaciones\/2017\/06","title":{"rendered":"Oribe Peralta, tercer americanista en anotar en Copa Confederaciones"},"content":{"rendered":"<p>El gol que consigui\u00f3 <strong>Oribe Peralta<\/strong> y le dio el triunfo a la <strong>Selecci\u00f3n Mexicana<\/strong> ante <strong>Nueva Zelanda<\/strong> en la <strong>Copa Confederaciones<\/strong> de Rusia 2017, signific\u00f3 el octavo para un futbolista de las \u00c1guilas del Am\u00e9rica dentro de la competencia.<\/p>\n<p>El delantero azulcrema se hizo presente en el marcador y puso el 2-1 final para que el Tri salvara el juego ante los oce\u00e1nicos.<\/p>\n<blockquote class=\"twitter-video\" data-lang=\"es\">\n<p dir=\"ltr\" lang=\"es\">GOOOOL DE <a href=\"https:\/\/twitter.com\/OribePeralta\">@OribePeralta<\/a> !!! ESO!!!!!! <a href=\"https:\/\/twitter.com\/hashtag\/Ahmashin?src=hash\">#Ahmashin<\/a> <a href=\"https:\/\/twitter.com\/hashtag\/Pasi%C3%B3nyOrgullo?src=hash\">#Pasi\u00f3nyOrgullo<\/a> <a href=\"https:\/\/twitter.com\/hashtag\/Desaf%C3%ADoMovistar?src=hash\">#Desaf\u00edoMovistar<\/a> <a href=\"https:\/\/twitter.com\/miseleccionmx\">@miseleccionmx<\/a> <a href=\"https:\/\/t.co\/ScKY192Rub\">pic.twitter.com\/ScKY192Rub<\/a><\/p>\n<p>\u2014 Gina Holguin (@GeorginaHolguin) <a href=\"https:\/\/twitter.com\/GeorginaHolguin\/status\/877611027021615104\">21 de junio de 2017<\/a><\/p><\/blockquote>\n<p><script async src=\"\/\/platform.twitter.com\/widgets.js\" charset=\"utf-8\"><\/script><\/p>\n<p>&nbsp;<\/p>\n<p style=\"text-align: center;\"><span style=\"color: #333399;\"><a style=\"color: #333399;\" href=\"https:\/\/www.futboltotal.com.mx\/2017\/06\/resultado-mexico-2-1-nueva-zelanda-copa-confederaciones-2017\/\" target=\"_blank\" rel=\"noopener noreferrer\">VER M\u00c1S: Ag\u00f3nico triunfo de M\u00e9xico ante Nueva Zelanda<\/a><\/span><\/p>\n<p>Anteriormente, <strong>Pavel Pardo<\/strong>, tambi\u00e9n siendo futbolista de <strong>Am\u00e9rica<\/strong>, le anot\u00f3 a la selecci\u00f3n de <strong>Egipto<\/strong> en la <strong>Copa Confederaciones de 1999<\/strong>.<\/p>\n<p><iframe loading=\"lazy\" src=\"https:\/\/www.youtube.com\/embed\/SHR0gP-AZOg?feature=oembed\" frameborder=\"0\" allowfullscreen><\/iframe><\/p>\n<p>Por su parte, <strong>Cuauht\u00e9moc Blanco<\/strong>, brill\u00f3 en estos torneos, pues anot\u00f3 6 goles en dos ediciones.<\/p>\n<p>En la Copa Confederaciones de 1997 le anot\u00f3 3\u00a0goles al anfitri\u00f3n, <strong>Arabia Saudita<\/strong> y uno m\u00e1s a <strong>Brasil<\/strong>, sin embargo, <strong>M\u00e9xico<\/strong> se despidi\u00f3 temprano del torneo.<\/p>\n<p>Para la <strong>Copa Confederaciones 1999<\/strong>, Blanco fue pieza clave para que M\u00e9xico se llevara el t\u00edtulo; <strong>Arabia Saudita<\/strong> fue su principal v\u00edctima, pues les volvi\u00f3 a anotar y en esta ocasi\u00f3n fueron 4 goles.<\/p>\n<p style=\"text-align: center;\"><span style=\"color: #333399;\"><a style=\"color: #333399;\" href=\"https:\/\/www.futboltotal.com.mx\/2017\/06\/osorio-le-dice-mother-fucker-al-dt-nueva-zelanda\/\" target=\"_blank\" rel=\"noopener noreferrer\">VER M\u00c1S: Osorio explot\u00f3 en el encuentro ante Nueva Zelanda<\/a><\/span><\/p>\n<p>En la semifinal del torneo le anot\u00f3 un gol m\u00e1s a <strong>Estados Unidos<\/strong> y en la final ante <strong>Brasil<\/strong> hizo el gol del campeonato para el Tri.<\/p>\n<p><iframe loading=\"lazy\" src=\"https:\/\/www.youtube.com\/embed\/fjQ8rsY4RsA?feature=oembed\" frameborder=\"0\" allowfullscreen><\/iframe><\/p>\n<p>&nbsp;<\/p>\n<p>&nbsp;<\/p>\n","protected":false},"excerpt":{"rendered":"<p>El delantero azulcrema se uni\u00f3 a otros dos futbolistas que anotaron en el mismo torneo vistiendo los colores las \u00c1guilas<\/p>\n","protected":false},"author":20,"featured_media":484599,"comment_status":"closed","ping_status":"closed","sticky":false,"template":"","format":"standard","meta":[],"categories":[3868,2198,3847],"tags":[1580,998,62,8853],"_links":{"self":[{"href":"http:\/\/desarrollo.grupomedios.com\/futbol\/wp-json\/wp\/v2\/posts\/484633"}],"collection":[{"href":"http:\/\/desarrollo.grupomedios.com\/futbol\/wp-json\/wp\/v2\/posts"}],"about":[{"href":"http:\/\/desarrollo.grupomedios.com\/futbol\/wp-json\/wp\/v2\/types\/post"}],"author":[{"embeddable":true,"href":"http:\/\/desarrollo.grupomedios.com\/futbol\/wp-json\/wp\/v2\/users\/20"}],"replies":[{"embeddable":true,"href":"http:\/\/desarrollo.grupomedios.com\/futbol\/wp-json\/wp\/v2\/comments?post=484633"}],"version-history":[{"count":1,"href":"http:\/\/desarrollo.grupomedios.com\/futbol\/wp-json\/wp\/v2\/posts\/484633\/revisions"}],"predecessor-version":[{"id":484638,"href":"http:\/\/desarrollo.grupomedios.com\/futbol\/wp-json\/wp\/v2\/posts\/484633\/revisions\/484638"}],"wp:featuredmedia":[{"embeddable":true,"href":"http:\/\/desarrollo.grupomedios.com\/futbol\/wp-json\/wp\/v2\/media\/484599"}],"wp:attachment":[{"href":"http:\/\/desarrollo.grupomedios.com\/futbol\/wp-json\/wp\/v2\/media?parent=484633"}],"wp:term":[{"taxonomy":"category","embeddable":true,"href":"http:\/\/desarrollo.grupomedios.com\/futbol\/wp-json\/wp\/v2\/categories?post=484633"},{"taxonomy":"post_tag","embeddable":true,"href":"http:\/\/desarrollo.grupomedios.com\/futbol\/wp-json\/wp\/v2\/tags?post=484633"}],"curies":[{"name":"wp","href":"https:\/\/api.w.org\/{rel}","templated":true}]}}