{"id":484660,"date":"2017-06-21T18:10:04","date_gmt":"2017-06-21T23:10:04","guid":{"rendered":"https:\/\/www.futboltotal.com.mx\/?p=484660"},"modified":"2017-06-21T18:10:04","modified_gmt":"2017-06-21T23:10:04","slug":"en-francia-destacan-presencia-de-marquez-en-confederaciones","status":"publish","type":"post","link":"http:\/\/desarrollo.grupomedios.com\/futbol\/futbol-mexicano\/en-francia-destacan-presencia-de-marquez-en-confederaciones\/2017\/06","title":{"rendered":"Prensa francesa destaca la presencia de M\u00e1rquez en confederaciones"},"content":{"rendered":"<p>En el encuentro que <a href=\"https:\/\/www.futboltotal.com.mx\/2017\/06\/resultado-mexico-2-1-nueva-zelanda-copa-confederaciones-2017\/\" target=\"_blank\" rel=\"noopener noreferrer\"><span style=\"color: #333399;\"><strong>M\u00e9xico<\/strong><\/span><\/a> termin\u00f3 venciendo de forma ag\u00f3nica ante su similar de <strong>Nueva Zelanda<\/strong> por marcador de 2-1, el <em>Eterno Capit\u00e1<\/em>n de la <strong>Selecci\u00f3n Mexicana<\/strong>, <a href=\"https:\/\/www.futboltotal.com.mx\/2017\/06\/fifa-resalta-record-rafael-marquez-en-confederaciones\/\" target=\"_blank\" rel=\"noopener noreferrer\"><span style=\"color: #333399;\"><strong>Rafael M\u00e1rquez<\/strong><\/span><\/a>, tuvo minutos en el encuentro y su presencia caus\u00f3 sorpresa en <strong>Francia<\/strong>, pa\u00eds que conoce muy bien al <em>Kaizer<\/em> tras su paso por el <strong>M\u00f3naco<\/strong> de la <strong>Ligue 1<\/strong>.<\/p>\n<p style=\"text-align: center;\"><a href=\"https:\/\/www.futboltotal.com.mx\/2017\/06\/hugo-sanchez-exploto-contra-jose-ramon-faitelson-aseguro-nunca-han-entrenado\/\" target=\"_blank\" rel=\"noopener noreferrer\"><span style=\"color: #333399;\">VER M\u00c1S:\u00a0Hugo explot\u00f3 contra Joserra y Faitelson y asegur\u00f3: \u201cUstedes nunca han entrenado\u201d<\/span><\/a><\/p>\n<p>France Football destac\u00f3 la presencia del jugador de 38 a\u00f1os con el encabezado: \u201c\u00a1S\u00ed, Rafa M\u00e1rquez sigue jugando!\u201d<\/p>\n<p>\u201cEs posible que lo hayas olvidado, pero \u00e9l sigue jugando. A los 38 a\u00f1os, Rafael M\u00e1rquez participa en la Copa Confederaciones con M\u00e9xico, es el capit\u00e1n tras 15 a\u00f1os\u201d.<\/p>\n<p><a href=\"https:\/\/www.futboltotal.com.mx\/wp-content\/uploads\/2017\/06\/FRANCE.jpg\"><img decoding=\"async\" loading=\"lazy\" class=\"size-medium wp-image-484663 aligncenter\" src=\"https:\/\/www.futboltotal.com.mx\/wp-content\/uploads\/2017\/06\/FRANCE-296x300.jpg\" alt=\"Prensa francesa destaca la presencia de M\u00e1rquez en confederaciones 0\" srcset=\"http:\/\/desarrollo.grupomedios.com\/futbol\/wp-content\/uploads\/2017\/06\/FRANCE-296x300.jpg 296w, http:\/\/desarrollo.grupomedios.com\/futbol\/wp-content\/uploads\/2017\/06\/FRANCE.jpg 497w\" sizes=\"(max-width: 296px) 100vw, 296px\" \/><\/a><\/p>\n<p>La revista francesa no s\u00f3lo destac\u00f3 su presencia en la justa internacional, sino tambi\u00e9n su elegancia y toque de bal\u00f3n, as\u00ed como su estilo de juego y lo describieron como una persona disciplinada, sencilla y humilde.<\/p>\n<p style=\"text-align: center;\"><a href=\"https:\/\/www.futboltotal.com.mx\/2017\/06\/arsenal-presento-su-nueva-piel\/\" target=\"_blank\" rel=\"noopener noreferrer\"><span style=\"color: #333399;\">VER M\u00c1S:\u00a0Arsenal presenta su nuevo uniforme<\/span><\/a><\/p>\n","protected":false},"excerpt":{"rendered":"<p>France Footbal destaca que Rafael M\u00e1rquez siga jugando con M\u00e9xico y sea el capit\u00e1n tras 15 a\u00f1os<\/p>\n","protected":false},"author":20,"featured_media":484662,"comment_status":"closed","ping_status":"closed","sticky":false,"template":"","format":"standard","meta":[],"categories":[5419,3868,3839,2198,3847],"tags":[1580,7507,413,408,6093,304,6033],"_links":{"self":[{"href":"http:\/\/desarrollo.grupomedios.com\/futbol\/wp-json\/wp\/v2\/posts\/484660"}],"collection":[{"href":"http:\/\/desarrollo.grupomedios.com\/futbol\/wp-json\/wp\/v2\/posts"}],"about":[{"href":"http:\/\/desarrollo.grupomedios.com\/futbol\/wp-json\/wp\/v2\/types\/post"}],"author":[{"embeddable":true,"href":"http:\/\/desarrollo.grupomedios.com\/futbol\/wp-json\/wp\/v2\/users\/20"}],"replies":[{"embeddable":true,"href":"http:\/\/desarrollo.grupomedios.com\/futbol\/wp-json\/wp\/v2\/comments?post=484660"}],"version-history":[{"count":1,"href":"http:\/\/desarrollo.grupomedios.com\/futbol\/wp-json\/wp\/v2\/posts\/484660\/revisions"}],"predecessor-version":[{"id":484665,"href":"http:\/\/desarrollo.grupomedios.com\/futbol\/wp-json\/wp\/v2\/posts\/484660\/revisions\/484665"}],"wp:featuredmedia":[{"embeddable":true,"href":"http:\/\/desarrollo.grupomedios.com\/futbol\/wp-json\/wp\/v2\/media\/484662"}],"wp:attachment":[{"href":"http:\/\/desarrollo.grupomedios.com\/futbol\/wp-json\/wp\/v2\/media?parent=484660"}],"wp:term":[{"taxonomy":"category","embeddable":true,"href":"http:\/\/desarrollo.grupomedios.com\/futbol\/wp-json\/wp\/v2\/categories?post=484660"},{"taxonomy":"post_tag","embeddable":true,"href":"http:\/\/desarrollo.grupomedios.com\/futbol\/wp-json\/wp\/v2\/tags?post=484660"}],"curies":[{"name":"wp","href":"https:\/\/api.w.org\/{rel}","templated":true}]}}