{"id":484670,"date":"2017-06-21T18:39:05","date_gmt":"2017-06-21T23:39:05","guid":{"rendered":"https:\/\/www.futboltotal.com.mx\/?p=484670"},"modified":"2017-06-21T18:39:05","modified_gmt":"2017-06-21T23:39:05","slug":"suazo-vuelve-del-retito-por-una-razon","status":"publish","type":"post","link":"http:\/\/desarrollo.grupomedios.com\/futbol\/futbol-internacional\/suazo-vuelve-del-retito-por-una-razon\/2017\/06","title":{"rendered":"Suazo revel\u00f3 por qu\u00e9 volvi\u00f3 al futbol"},"content":{"rendered":"<p><a href=\"https:\/\/www.futboltotal.com.mx\/2017\/06\/humberto-chupete-suazo-sale-del-retiro\/\" target=\"_blank\" rel=\"noopener noreferrer\"><span style=\"color: #333399;\"><strong>Humberto Suazo<\/strong><\/span><\/a> volver\u00e1 del retiro para jugar con el <strong>San Antonio Unido<\/strong>, de la <strong>Segunda Divisi\u00f3n Profesional <\/strong>de<strong> Chile<\/strong>.<\/p>\n<p>En entrevista con Canal 13 de Chile, <em>Chupete<\/em> reconoci\u00f3 cu\u00e1l es su mayor motivaci\u00f3n para volver a las canchas.<\/p>\n<p>\u201cLa gente siempre me dec\u00eda que jugara en San Antonio, que no merec\u00eda el final que hab\u00eda tenido im carrera. Estoy muy emocionado y quiero ayudar. La idea es que mi hijo me vea jugar de manera profesional\u201d.<\/p>\n<p style=\"text-align: center;\"><a href=\"https:\/\/www.futboltotal.com.mx\/2017\/06\/en-francia-destacan-presencia-de-marquez-en-confederaciones\/\"><span style=\"color: #333399;\">VER M\u00c1S:\u00a0Prensa francesa destaca la presencia de M\u00e1rquez en confederaciones<\/span><\/a><\/p>\n<p><a href=\"https:\/\/www.futboltotal.com.mx\/wp-content\/uploads\/2017\/06\/chupete.jpeg\"><img decoding=\"async\" loading=\"lazy\" class=\"size-medium wp-image-484671 aligncenter\" src=\"https:\/\/www.futboltotal.com.mx\/wp-content\/uploads\/2017\/06\/chupete-300x169.jpeg\" alt=\"Suazo revel\u00f3 por qu\u00e9 volvi\u00f3 al futbol 0\" srcset=\"http:\/\/desarrollo.grupomedios.com\/futbol\/wp-content\/uploads\/2017\/06\/chupete-300x169.jpeg 300w, http:\/\/desarrollo.grupomedios.com\/futbol\/wp-content\/uploads\/2017\/06\/chupete-768x432.jpeg 768w, http:\/\/desarrollo.grupomedios.com\/futbol\/wp-content\/uploads\/2017\/06\/chupete-317x178.jpeg 317w, http:\/\/desarrollo.grupomedios.com\/futbol\/wp-content\/uploads\/2017\/06\/chupete-535x301.jpeg 535w, http:\/\/desarrollo.grupomedios.com\/futbol\/wp-content\/uploads\/2017\/06\/chupete-374x210.jpeg 374w, http:\/\/desarrollo.grupomedios.com\/futbol\/wp-content\/uploads\/2017\/06\/chupete.jpeg 850w\" sizes=\"(max-width: 300px) 100vw, 300px\" \/><\/a><\/p>\n<p>El exjugador de <em>Rayados<\/em> de <a href=\"https:\/\/www.futboltotal.com.mx\/2017\/06\/aldo-nigris-se-retira-las-canchas\/\" target=\"_blank\" rel=\"noopener noreferrer\"><span style=\"color: #333399;\"><strong>Monterrey<\/strong><\/span><\/a> ya sostuvo su primer entrenamiento con el conjunto andino, as\u00ed lo dio a conocer el club. Con 36 a\u00f1os de edad y tras haber dicho adi\u00f3s al futbol profesional en 2016, Suazo volver\u00e1 al profesionalismo.<\/p>\n<p style=\"text-align: center;\"><a href=\"https:\/\/www.futboltotal.com.mx\/2017\/06\/gignac-felicita-a-javier-aquino\/\" target=\"_blank\" rel=\"noopener noreferrer\"><span style=\"color: #333399;\">VER M\u00c1S:\u00a0Gignac felicit\u00f3 a Aquino por el partidazo que dio ante Nueva Zelanda<\/span><\/a><\/p>\n","protected":false},"excerpt":{"rendered":"<p>Suazo volver\u00e1 del retiro para jugar con al San Antonio Unido de la Segunda Divisi\u00f3n de Chile y explic\u00f3 las razones.<\/p>\n","protected":false},"author":20,"featured_media":484672,"comment_status":"closed","ping_status":"closed","sticky":false,"template":"","format":"standard","meta":[],"categories":[3839],"tags":[406,572,410,5966,497,9107,1194],"_links":{"self":[{"href":"http:\/\/desarrollo.grupomedios.com\/futbol\/wp-json\/wp\/v2\/posts\/484670"}],"collection":[{"href":"http:\/\/desarrollo.grupomedios.com\/futbol\/wp-json\/wp\/v2\/posts"}],"about":[{"href":"http:\/\/desarrollo.grupomedios.com\/futbol\/wp-json\/wp\/v2\/types\/post"}],"author":[{"embeddable":true,"href":"http:\/\/desarrollo.grupomedios.com\/futbol\/wp-json\/wp\/v2\/users\/20"}],"replies":[{"embeddable":true,"href":"http:\/\/desarrollo.grupomedios.com\/futbol\/wp-json\/wp\/v2\/comments?post=484670"}],"version-history":[{"count":1,"href":"http:\/\/desarrollo.grupomedios.com\/futbol\/wp-json\/wp\/v2\/posts\/484670\/revisions"}],"predecessor-version":[{"id":484673,"href":"http:\/\/desarrollo.grupomedios.com\/futbol\/wp-json\/wp\/v2\/posts\/484670\/revisions\/484673"}],"wp:featuredmedia":[{"embeddable":true,"href":"http:\/\/desarrollo.grupomedios.com\/futbol\/wp-json\/wp\/v2\/media\/484672"}],"wp:attachment":[{"href":"http:\/\/desarrollo.grupomedios.com\/futbol\/wp-json\/wp\/v2\/media?parent=484670"}],"wp:term":[{"taxonomy":"category","embeddable":true,"href":"http:\/\/desarrollo.grupomedios.com\/futbol\/wp-json\/wp\/v2\/categories?post=484670"},{"taxonomy":"post_tag","embeddable":true,"href":"http:\/\/desarrollo.grupomedios.com\/futbol\/wp-json\/wp\/v2\/tags?post=484670"}],"curies":[{"name":"wp","href":"https:\/\/api.w.org\/{rel}","templated":true}]}}