{"id":484674,"date":"2017-06-21T18:45:36","date_gmt":"2017-06-21T23:45:36","guid":{"rendered":"https:\/\/www.futboltotal.com.mx\/?p=484674"},"modified":"2017-06-21T18:53:11","modified_gmt":"2017-06-21T23:53:11","slug":"carlos-salcedo-causa-baja-de-la-seleccion-mexicana","status":"publish","type":"post","link":"http:\/\/desarrollo.grupomedios.com\/futbol\/destacado-home\/carlos-salcedo-causa-baja-de-la-seleccion-mexicana\/2017\/06","title":{"rendered":"Carlos Salcedo causa baja de la Selecci\u00f3n Mexicana"},"content":{"rendered":"<p>El defensa reci\u00e9n fichado por Eintracht Frankfurt, <strong>Carlos Salcedo<\/strong>, sufri\u00f3 una lesi\u00f3n en el hombro durante el juego entre la <span style=\"color: #ff0000;\"><a style=\"color: #ff0000;\" href=\"http:\/\/www.futboltotal.com.mx\/futbol-mexicano\/seleccion-mexicana\/\" target=\"_blank\" rel=\"noopener noreferrer\">Selecci\u00f3n Mexicana<\/a><\/span> y Nueva Zelanda; por lo que no pudo continuar en el partido y fue reemplazado por H\u00e9ctor Moreno.<\/p>\n<p>Tras ser atendido por los m\u00e9dicos de la <strong>Selecci\u00f3n Mexicana<\/strong>, se determin\u00f3, que <strong>Carlos Salcedo<\/strong> qued\u00f3 incapacitado para jugar la Copa Confederaciones de Rusia 2017, pues su recuperaci\u00f3n, demorar\u00e1 m\u00e1s de una semana.<\/p>\n<p style=\"text-align: center;\"><span style=\"color: #3366ff;\"><a style=\"color: #3366ff;\" href=\"https:\/\/www.futboltotal.com.mx\/2017\/06\/suazo-vuelve-del-retito-por-una-razon\/\" target=\"_blank\" rel=\"noopener noreferrer\"><strong>VER M\u00c1S: Chupete Suazo revela por qu\u00e9 sale del retiro<\/strong><\/a><\/span><\/p>\n<p>\u201cTras ser valorado, el estudio determin\u00f3 una lesi\u00f3n del ligamento de la articulaci\u00f3n acromioclavicular. El cuerpo m\u00e9dico de la <strong>Selecci\u00f3n Mexicana<\/strong>, est\u00e1 en permanente comunicaci\u00f3n con el cuerpo m\u00e9dico del Eintracht Frankfurt y ser\u00e1 el club de la Bundesliga qui\u00e9n determine la rehabilitaci\u00f3n que seguir\u00e1 el defensor\u201d, explic\u00f3 la FMF en comunicado.<\/p>\n<blockquote class=\"twitter-tweet\" data-lang=\"es\">\n<p dir=\"ltr\" lang=\"es\">&#x1f4c4; | NOTA | Por lesi\u00f3n, <a href=\"https:\/\/twitter.com\/Csalcedojr\">@Csalcedojr<\/a> causa baja de nuestra concentraci\u00f3n.<\/p>\n<p>Detalles: <a href=\"https:\/\/t.co\/njNVGI1Mum\">https:\/\/t.co\/njNVGI1Mum<\/a><a href=\"https:\/\/twitter.com\/hashtag\/SomosM%C3%A9xico?src=hash\">#SomosM\u00e9xico<\/a> <a href=\"https:\/\/t.co\/ETBs0ddHax\">pic.twitter.com\/ETBs0ddHax<\/a><\/p>\n<p>\u2014 Selecci\u00f3n Nacional (@miseleccionmx) <a href=\"https:\/\/twitter.com\/miseleccionmx\/status\/877661419130372096\">21 de junio de 2017<\/a><\/p><\/blockquote>\n<p><script async src=\"\/\/platform.twitter.com\/widgets.js\" charset=\"utf-8\"><\/script><\/p>\n<p style=\"text-align: center;\"><span style=\"color: #3366ff;\"><a style=\"color: #3366ff;\" href=\"https:\/\/www.futboltotal.com.mx\/2017\/06\/directivo-club-cuervos-escapa-a-rusia-lo-reprenden\/\" target=\"_blank\" rel=\"noopener noreferrer\"><strong>VER M\u00c1S: Directivo se escapa a la Confederaciones y lo reprenden<\/strong><\/a><\/span><\/p>\n<p>\u201cCabe se\u00f1alar que el jugador no podr\u00e1 ser reemplazado debido a que las reglas de la Copa FIFA Confederaciones Rusia 2017 establecen que no hay sustituci\u00f3n empezando el torneo\u201d, agreg\u00f3 el organismo rector del futbol mexicano.<\/p>\n<p style=\"text-align: center;\"><span style=\"color: #3366ff;\"><a style=\"color: #3366ff;\" href=\"https:\/\/www.futboltotal.com.mx\/2017\/06\/comentaristas-piden-cambio-en-el-banquillo-del-tri\/\" target=\"_blank\" rel=\"noopener noreferrer\"><strong>VER M\u00c1S: Comentaristas piden cambio en el banquillo del Tri<\/strong><\/a><\/span><\/p>\n","protected":false},"excerpt":{"rendered":"<p>El nuevo jugador del Eintracht Frankfurt, ya no podr\u00e1 competir en Confederaciones.<\/p>\n","protected":false},"author":20,"featured_media":484679,"comment_status":"closed","ping_status":"closed","sticky":false,"template":"","format":"standard","meta":[],"categories":[3868,5,3839,2198,3847],"tags":[1580,142],"_links":{"self":[{"href":"http:\/\/desarrollo.grupomedios.com\/futbol\/wp-json\/wp\/v2\/posts\/484674"}],"collection":[{"href":"http:\/\/desarrollo.grupomedios.com\/futbol\/wp-json\/wp\/v2\/posts"}],"about":[{"href":"http:\/\/desarrollo.grupomedios.com\/futbol\/wp-json\/wp\/v2\/types\/post"}],"author":[{"embeddable":true,"href":"http:\/\/desarrollo.grupomedios.com\/futbol\/wp-json\/wp\/v2\/users\/20"}],"replies":[{"embeddable":true,"href":"http:\/\/desarrollo.grupomedios.com\/futbol\/wp-json\/wp\/v2\/comments?post=484674"}],"version-history":[{"count":3,"href":"http:\/\/desarrollo.grupomedios.com\/futbol\/wp-json\/wp\/v2\/posts\/484674\/revisions"}],"predecessor-version":[{"id":484678,"href":"http:\/\/desarrollo.grupomedios.com\/futbol\/wp-json\/wp\/v2\/posts\/484674\/revisions\/484678"}],"wp:featuredmedia":[{"embeddable":true,"href":"http:\/\/desarrollo.grupomedios.com\/futbol\/wp-json\/wp\/v2\/media\/484679"}],"wp:attachment":[{"href":"http:\/\/desarrollo.grupomedios.com\/futbol\/wp-json\/wp\/v2\/media?parent=484674"}],"wp:term":[{"taxonomy":"category","embeddable":true,"href":"http:\/\/desarrollo.grupomedios.com\/futbol\/wp-json\/wp\/v2\/categories?post=484674"},{"taxonomy":"post_tag","embeddable":true,"href":"http:\/\/desarrollo.grupomedios.com\/futbol\/wp-json\/wp\/v2\/tags?post=484674"}],"curies":[{"name":"wp","href":"https:\/\/api.w.org\/{rel}","templated":true}]}}