{"id":484694,"date":"2017-06-21T20:40:15","date_gmt":"2017-06-22T01:40:15","guid":{"rendered":"https:\/\/www.futboltotal.com.mx\/?p=484694"},"modified":"2017-06-21T20:40:15","modified_gmt":"2017-06-22T01:40:15","slug":"jordan-silva-recibe-el-alta-medica-y-estara-de-regreso-en-dos-semanas","status":"publish","type":"post","link":"http:\/\/desarrollo.grupomedios.com\/futbol\/futbol-mexicano\/jordan-silva-recibe-el-alta-medica-y-estara-de-regreso-en-dos-semanas\/2017\/06","title":{"rendered":"Buenas noticias para Cruz Azul, Jordan Silva recibe el alta m\u00e9dica"},"content":{"rendered":"<p><a href=\"https:\/\/www.futboltotal.com.mx\/2017\/06\/oficial-jordan-silva-fichado-cruz-azul\/\" target=\"_blank\" rel=\"noopener noreferrer\"><span style=\"color: #333399;\"><strong>Jordan Silva<\/strong><\/span><\/a>, flamante refuerzo de <a href=\"https:\/\/www.futboltotal.com.mx\/2017\/06\/cruz-azul-se-reforzara-canterano-del-real-madrid\/\" target=\"_blank\" rel=\"noopener noreferrer\"><span style=\"color: #333399;\"><strong>Cruz Azul<\/strong> <\/span><\/a>para el <strong>Apertura 2017<\/strong>, sufri\u00f3 un fuerte dolor abdominal el pasado lunes y fue intervenido quir\u00fargicamente por una apendicitis aguda. Sin embargo, el jugador ya fue dado de alta para iniciar su recuperaci\u00f3n.<\/p>\n<p style=\"text-align: center;\"><a href=\"https:\/\/www.futboltotal.com.mx\/2017\/06\/davino-confirmo-rayados-ya-pidio-a-layun\/\"><span style=\"color: #333399;\">VER M\u00c1S:\u00a0Davino confirm\u00f3 que Rayados ya pidi\u00f3 a Lay\u00fan<\/span><\/a><\/p>\n<p><strong>Silva<\/strong> fue adquirido por los <em>Celestes<\/em> en el pasado <strong>Draft<\/strong> de la <strong>Liga MX<\/strong> y se present\u00f3 a la pretemporada que el equipo realiza en <strong>Juriquilla, Quer\u00e9taro<\/strong>, pero tuvo que abandonar los trabajos f\u00edsicos y fue trasladado al hospital.<\/p>\n<p style=\"text-align: center;\"><a href=\"https:\/\/www.futboltotal.com.mx\/2017\/06\/barcelona-busca-a-titular-seleccion-brasil\/\" target=\"_blank\" rel=\"noopener noreferrer\"><span style=\"color: #333399;\">VER M\u00c1S:\u00a0Barcelona busca a titular de selecci\u00f3n de Brasil<\/span><\/a><\/p>\n<p>El exjugador de los <em>Diablos Rojos<\/em> del <a href=\"https:\/\/www.futboltotal.com.mx\/2017\/06\/abonados-del-toluca-explotan-contra-la-directiva\/\" target=\"_blank\" rel=\"noopener noreferrer\"><span style=\"color: #333399;\"><strong>Toluca<\/strong><\/span><\/a> deber\u00e1 iniciar cuanto antes su recuperaci\u00f3n para integrarse al resto del equipo y ponerse a disposici\u00f3n del t\u00e9cnico <strong>Paco J\u00e9mez,<\/strong> se espera que el jugador\u00a0est\u00e9 de vuelta en dos semanas.<\/p>\n","protected":false},"excerpt":{"rendered":"<p>Jordan Silva recibi\u00f3 el alta m\u00e9dica y podr\u00e1 reintegrarse a la pretemporada de Cruz Azul en dos semanas.<\/p>\n","protected":false},"author":20,"featured_media":484695,"comment_status":"closed","ping_status":"closed","sticky":false,"template":"","format":"standard","meta":[],"categories":[2198,3845],"tags":[8357,5962,9111,7053,1872,5975],"_links":{"self":[{"href":"http:\/\/desarrollo.grupomedios.com\/futbol\/wp-json\/wp\/v2\/posts\/484694"}],"collection":[{"href":"http:\/\/desarrollo.grupomedios.com\/futbol\/wp-json\/wp\/v2\/posts"}],"about":[{"href":"http:\/\/desarrollo.grupomedios.com\/futbol\/wp-json\/wp\/v2\/types\/post"}],"author":[{"embeddable":true,"href":"http:\/\/desarrollo.grupomedios.com\/futbol\/wp-json\/wp\/v2\/users\/20"}],"replies":[{"embeddable":true,"href":"http:\/\/desarrollo.grupomedios.com\/futbol\/wp-json\/wp\/v2\/comments?post=484694"}],"version-history":[{"count":1,"href":"http:\/\/desarrollo.grupomedios.com\/futbol\/wp-json\/wp\/v2\/posts\/484694\/revisions"}],"predecessor-version":[{"id":484698,"href":"http:\/\/desarrollo.grupomedios.com\/futbol\/wp-json\/wp\/v2\/posts\/484694\/revisions\/484698"}],"wp:featuredmedia":[{"embeddable":true,"href":"http:\/\/desarrollo.grupomedios.com\/futbol\/wp-json\/wp\/v2\/media\/484695"}],"wp:attachment":[{"href":"http:\/\/desarrollo.grupomedios.com\/futbol\/wp-json\/wp\/v2\/media?parent=484694"}],"wp:term":[{"taxonomy":"category","embeddable":true,"href":"http:\/\/desarrollo.grupomedios.com\/futbol\/wp-json\/wp\/v2\/categories?post=484694"},{"taxonomy":"post_tag","embeddable":true,"href":"http:\/\/desarrollo.grupomedios.com\/futbol\/wp-json\/wp\/v2\/tags?post=484694"}],"curies":[{"name":"wp","href":"https:\/\/api.w.org\/{rel}","templated":true}]}}