{"id":484702,"date":"2017-06-21T21:21:49","date_gmt":"2017-06-22T02:21:49","guid":{"rendered":"https:\/\/www.futboltotal.com.mx\/?p=484702"},"modified":"2017-06-21T21:27:04","modified_gmt":"2017-06-22T02:27:04","slug":"tampico-madero-cambia-de-patrocinador-para-el-apertura-2017","status":"publish","type":"post","link":"http:\/\/desarrollo.grupomedios.com\/futbol\/futbol-mexicano\/tampico-madero-cambia-de-patrocinador-para-el-apertura-2017\/2017\/06","title":{"rendered":"Tampico Madero cambia de patrocinador"},"content":{"rendered":"<p>La marca <strong>Charly<\/strong> poco a poco ha ido ganando terreno en el futbol mexicano, y ahora suman un nuevo equipo entre sus filas, se trata del <a href=\"https:\/\/www.futboltotal.com.mx\/2017\/06\/javier-chuletita-orozco-nuevo-jugador-del-tampico-madero\/\" target=\"_blank\" rel=\"noopener noreferrer\"><span style=\"color: #333399;\"><strong>Tampico Madero<\/strong><\/span><\/a> de la <strong>Liga de Ascenso MX<\/strong>, quienes portar\u00e1n la indumentaria fabricada por la marca latinoamericana tras romper relaci\u00f3n con <strong>Lotto<\/strong>.<\/p>\n<p>&nbsp;<\/p>\n<blockquote class=\"twitter-tweet\" data-lang=\"es\">\n<p dir=\"ltr\" lang=\"es\">Prep\u00e1rense, muy pronto conocer\u00e1n la nueva armadura Charly F\u00fatbol de <a href=\"https:\/\/twitter.com\/TMFCOficial\">@TMFCOficial<\/a> .  <a href=\"https:\/\/twitter.com\/hashtag\/JaibaBrava?src=hash\">#JaibaBrava<\/a><\/p>\n<p>Lunes 26 de Junio<a href=\"https:\/\/twitter.com\/hashtag\/JuegaEnNuestraCancha?src=hash\">#JuegaEnNuestraCancha<\/a> <a href=\"https:\/\/t.co\/azE0hwd8od\">pic.twitter.com\/azE0hwd8od<\/a><\/p>\n<p>\u2014 Charly F\u00fatbol (@CharlyFutbol) <a href=\"https:\/\/twitter.com\/CharlyFutbol\/status\/877696595738869760\">22 de junio de 2017<\/a><\/p><\/blockquote>\n<p><script async src=\"\/\/platform.twitter.com\/widgets.js\" charset=\"utf-8\"><\/script><\/p>\n<p style=\"text-align: center;\"><a href=\"https:\/\/www.futboltotal.com.mx\/2017\/06\/jordan-silva-recibe-el-alta-medica-y-estara-de-regreso-en-dos-semanas\/\" target=\"_blank\" rel=\"noopener noreferrer\"><span style=\"color: #333399;\">VER M\u00c1S:\u00a0Buenas noticias para Cruz Azul, Jordan Silva recibe el alta m\u00e9dica<\/span><\/a><\/p>\n<p>Charly viste a equipos\u00a0de la <strong>Liga MX<\/strong> como <strong><a href=\"https:\/\/www.futboltotal.com.mx\/2017\/06\/oficial-cristian-menendez-llega-al-veracruz\/\" target=\"_blank\" rel=\"noopener noreferrer\"><span style=\"color: #333399;\">Veracruz<\/span><\/a>, <a href=\"https:\/\/www.futboltotal.com.mx\/2017\/06\/charly-ahora-vestira-a-xolos-tijuana\/\" target=\"_blank\" rel=\"noopener noreferrer\"><span style=\"color: #333399;\">Xolos de Tijuana<\/span><\/a>, <a href=\"https:\/\/www.futboltotal.com.mx\/2017\/06\/confirman-llegada-moises-munoz-a-puebla\/\" target=\"_blank\" rel=\"noopener noreferrer\"><span style=\"color: #333399;\">Puebla<\/span><\/a>, <a href=\"https:\/\/www.futboltotal.com.mx\/2017\/06\/igor-lichnovsky-cerca-del-necaxa\/\" target=\"_blank\" rel=\"noopener noreferrer\"><span style=\"color: #333399;\">Necaxa<\/span><\/a><\/strong> y el reci\u00e9n desafiliado <a href=\"https:\/\/www.futboltotal.com.mx\/2017\/06\/se-oficial-jaguares-desafiliado-del-futbol-mexicano\/\" target=\"_blank\" rel=\"noopener noreferrer\"><span style=\"color: #333399;\"><strong>Jaguares de Chiapas<\/strong><\/span><\/a>, mientras que del <strong>Ascenso MX<\/strong>, <strong>Leones Negros, Dorados<\/strong> y ahora el <strong>Tampico Madero<\/strong> ser\u00e1n los encargados de portar los dise\u00f1os de la marca mexicana durante el <strong>Apertura 2017<\/strong> y <strong>Clausura 2018.<\/strong><\/p>\n<p style=\"text-align: center;\"><a href=\"https:\/\/www.futboltotal.com.mx\/2017\/06\/davino-confirmo-rayados-ya-pidio-a-layun\/\" target=\"_blank\" rel=\"noopener noreferrer\"><span style=\"color: #333399;\">VER M\u00c1S:\u00a0Davino confirm\u00f3 que Rayados ya pidi\u00f3 a Lay\u00fan<\/span><\/a><\/p>\n","protected":false},"excerpt":{"rendered":"<p>Tampico Madero de la Liga de Ascenso MX cambia de patrocinador para el pr\u00f3ximo a\u00f1o futbol\u00edstico.<\/p>\n","protected":false},"author":20,"featured_media":484703,"comment_status":"closed","ping_status":"closed","sticky":false,"template":"","format":"standard","meta":[],"categories":[3843,5419,2198],"tags":[432,7124,759,4303,537,64,261,5969,7076,6049,1673],"_links":{"self":[{"href":"http:\/\/desarrollo.grupomedios.com\/futbol\/wp-json\/wp\/v2\/posts\/484702"}],"collection":[{"href":"http:\/\/desarrollo.grupomedios.com\/futbol\/wp-json\/wp\/v2\/posts"}],"about":[{"href":"http:\/\/desarrollo.grupomedios.com\/futbol\/wp-json\/wp\/v2\/types\/post"}],"author":[{"embeddable":true,"href":"http:\/\/desarrollo.grupomedios.com\/futbol\/wp-json\/wp\/v2\/users\/20"}],"replies":[{"embeddable":true,"href":"http:\/\/desarrollo.grupomedios.com\/futbol\/wp-json\/wp\/v2\/comments?post=484702"}],"version-history":[{"count":3,"href":"http:\/\/desarrollo.grupomedios.com\/futbol\/wp-json\/wp\/v2\/posts\/484702\/revisions"}],"predecessor-version":[{"id":484707,"href":"http:\/\/desarrollo.grupomedios.com\/futbol\/wp-json\/wp\/v2\/posts\/484702\/revisions\/484707"}],"wp:featuredmedia":[{"embeddable":true,"href":"http:\/\/desarrollo.grupomedios.com\/futbol\/wp-json\/wp\/v2\/media\/484703"}],"wp:attachment":[{"href":"http:\/\/desarrollo.grupomedios.com\/futbol\/wp-json\/wp\/v2\/media?parent=484702"}],"wp:term":[{"taxonomy":"category","embeddable":true,"href":"http:\/\/desarrollo.grupomedios.com\/futbol\/wp-json\/wp\/v2\/categories?post=484702"},{"taxonomy":"post_tag","embeddable":true,"href":"http:\/\/desarrollo.grupomedios.com\/futbol\/wp-json\/wp\/v2\/tags?post=484702"}],"curies":[{"name":"wp","href":"https:\/\/api.w.org\/{rel}","templated":true}]}}