{"id":484723,"date":"2017-06-22T09:20:18","date_gmt":"2017-06-22T14:20:18","guid":{"rendered":"https:\/\/www.futboltotal.com.mx\/?p=484723"},"modified":"2017-06-22T09:20:18","modified_gmt":"2017-06-22T14:20:18","slug":"figo-cree-cristiano-ronaldo-sea-imprescindible-en-real-madrid","status":"publish","type":"post","link":"http:\/\/desarrollo.grupomedios.com\/futbol\/futbol-internacional\/figo-cree-cristiano-ronaldo-sea-imprescindible-en-real-madrid\/2017\/06","title":{"rendered":"Figo no cree que Cristiano Ronaldo sea imprescindible en el Real Madrid"},"content":{"rendered":"<p>El ex futbolista portugu\u00e9s, <strong>Luis Figo<\/strong>, habl\u00f3 sobre la posibilidad que se ha manejado que <strong>Cristiano Ronaldo<\/strong> abandone al <strong>Real Madrid<\/strong>.<\/p>\n<p>El tambi\u00e9n ex <strong>Real Madrid<\/strong>, indic\u00f3 que ve como poco posible que el <strong>Ronaldo<\/strong> salga del cuadro merengue.<\/p>\n<p style=\"text-align: center;\"><span style=\"color: #333399;\"><a style=\"color: #333399;\" href=\"https:\/\/www.futboltotal.com.mx\/2017\/06\/miranda-jimenez-la-guapa-hermana-de-raul-jimenez\/\" target=\"_blank\" rel=\"noopener noreferrer\">VER M\u00c1S: La hermosa hermana de Ra\u00fal Jim\u00e9nez<\/a><\/span><\/p>\n<p>\u201cSe tienen que dar muchos factores para que se vaya. De cualquier forma, es siempre una decisi\u00f3n personal y realmente si una persona quiere una cosa, pues acabar\u00e1 por hacerlo. Yo lo veo dif\u00edcil\u201d, declar\u00f3 Figo, en entrevista para el programa <em>Directo GOL<\/em>.<\/p>\n<p>Adem\u00e1s, agreg\u00f3 que nadie es indispensable en el club, ya que esa es su opini\u00f3n personal sobre cualquier futbolista.<\/p>\n<blockquote><p>\u201cSoy de la opini\u00f3n de que nadie imprescindible. Y no s\u00f3lo hablando de <strong>Cristiano Ronaldo<\/strong>, de Pepito o de Jos\u00e9\u2026 yo creo que un club no puede depender de nadie. Y si es as\u00ed, est\u00e1 mal. La historia de un club est\u00e1 por encima del presidente o de quien sea\u201d, concluy\u00f3.<\/p><\/blockquote>\n<p style=\"text-align: center;\"><span style=\"color: #333399;\"><a style=\"color: #333399;\" href=\"https:\/\/www.futboltotal.com.mx\/2017\/06\/carlos-salcedo-causa-baja-de-la-seleccion-mexicana\/\" target=\"_blank\" rel=\"noopener noreferrer\">VER M\u00c1S: Salcedo es baja de la Selecci\u00f3n Mexicana<\/a><\/span><\/p>\n<p>&nbsp;<\/p>\n","protected":false},"excerpt":{"rendered":"<p>La ex estrella madridista no se guardo nada y declar\u00f3 lo que piensa sobre la posible partida del astro portugu\u00e9s<\/p>\n","protected":false},"author":20,"featured_media":474769,"comment_status":"closed","ping_status":"closed","sticky":false,"template":"","format":"standard","meta":[],"categories":[3839],"tags":[6013,1165,5988],"_links":{"self":[{"href":"http:\/\/desarrollo.grupomedios.com\/futbol\/wp-json\/wp\/v2\/posts\/484723"}],"collection":[{"href":"http:\/\/desarrollo.grupomedios.com\/futbol\/wp-json\/wp\/v2\/posts"}],"about":[{"href":"http:\/\/desarrollo.grupomedios.com\/futbol\/wp-json\/wp\/v2\/types\/post"}],"author":[{"embeddable":true,"href":"http:\/\/desarrollo.grupomedios.com\/futbol\/wp-json\/wp\/v2\/users\/20"}],"replies":[{"embeddable":true,"href":"http:\/\/desarrollo.grupomedios.com\/futbol\/wp-json\/wp\/v2\/comments?post=484723"}],"version-history":[{"count":1,"href":"http:\/\/desarrollo.grupomedios.com\/futbol\/wp-json\/wp\/v2\/posts\/484723\/revisions"}],"predecessor-version":[{"id":484724,"href":"http:\/\/desarrollo.grupomedios.com\/futbol\/wp-json\/wp\/v2\/posts\/484723\/revisions\/484724"}],"wp:featuredmedia":[{"embeddable":true,"href":"http:\/\/desarrollo.grupomedios.com\/futbol\/wp-json\/wp\/v2\/media\/474769"}],"wp:attachment":[{"href":"http:\/\/desarrollo.grupomedios.com\/futbol\/wp-json\/wp\/v2\/media?parent=484723"}],"wp:term":[{"taxonomy":"category","embeddable":true,"href":"http:\/\/desarrollo.grupomedios.com\/futbol\/wp-json\/wp\/v2\/categories?post=484723"},{"taxonomy":"post_tag","embeddable":true,"href":"http:\/\/desarrollo.grupomedios.com\/futbol\/wp-json\/wp\/v2\/tags?post=484723"}],"curies":[{"name":"wp","href":"https:\/\/api.w.org\/{rel}","templated":true}]}}