{"id":484738,"date":"2017-06-22T10:32:44","date_gmt":"2017-06-22T15:32:44","guid":{"rendered":"https:\/\/www.futboltotal.com.mx\/?p=484738"},"modified":"2017-06-22T10:32:44","modified_gmt":"2017-06-22T15:32:44","slug":"captan-a-gullit-pena-eduardo-herrera-entrenando-rangers","status":"publish","type":"post","link":"http:\/\/desarrollo.grupomedios.com\/futbol\/destacado-home\/captan-a-gullit-pena-eduardo-herrera-entrenando-rangers\/2017\/06","title":{"rendered":"Captan a Gullit Pe\u00f1a y Eduardo Herrera entrenando con el Rangers"},"content":{"rendered":"<p>La aventura por el futbol escoc\u00e9s de los mexicanos\u00a0<strong>Carlos Pe\u00f1a<\/strong> y <strong>Eduardo Herrera<\/strong> es ya toda una realidad y un fan\u00e1tico del Glasgow Rangers se encarg\u00f3 de documentar el primer entrenamiento del <strong><em>Gullit<\/em><\/strong> y <em><strong>Lalo<\/strong><\/em> con su nuevo club.<\/p>\n<p>Este aficionado de los <em><strong>Gers<\/strong><\/em> se infiltr\u00f3 alrededor del lugar de entrenamiento en el que los nuevos refuerzos del equipo dirigido por el portugu\u00e9s <strong>Pedro Caixinha<\/strong> realizaban su primera pr\u00e1ctica.<\/p>\n<p>En las im\u00e1genes subidas a redes sociales, se puede ver a <strong><em>Lalo<\/em> Herrera<\/strong> trotando en el campo.<\/p>\n<p style=\"text-align: center;\"><a href=\"https:\/\/www.futboltotal.com.mx\/2017\/06\/davino-confirmo-rayados-ya-pidio-a-layun\/\" target=\"_blank\" rel=\"noopener noreferrer\"><span style=\"color: #333399;\">VER M\u00c1S: Davino confirma que el Monterrey ya pidi\u00f3 a Miguel Lay\u00fan<\/span><\/a><\/p>\n<p><a href=\"https:\/\/www.futboltotal.com.mx\/wp-content\/uploads\/2017\/06\/Herrera-Rangers1.jpg\"><img decoding=\"async\" loading=\"lazy\" class=\"aligncenter size-large wp-image-484745\" src=\"https:\/\/www.futboltotal.com.mx\/wp-content\/uploads\/2017\/06\/Herrera-Rangers1-1024x576.jpg\" alt=\"Captan a Gullit Pe\u00f1a y Eduardo Herrera entrenando con el Rangers 0\" srcset=\"http:\/\/desarrollo.grupomedios.com\/futbol\/wp-content\/uploads\/2017\/06\/Herrera-Rangers1-1024x576.jpg 1024w, http:\/\/desarrollo.grupomedios.com\/futbol\/wp-content\/uploads\/2017\/06\/Herrera-Rangers1-300x169.jpg 300w, http:\/\/desarrollo.grupomedios.com\/futbol\/wp-content\/uploads\/2017\/06\/Herrera-Rangers1-768x432.jpg 768w, http:\/\/desarrollo.grupomedios.com\/futbol\/wp-content\/uploads\/2017\/06\/Herrera-Rangers1-317x178.jpg 317w, http:\/\/desarrollo.grupomedios.com\/futbol\/wp-content\/uploads\/2017\/06\/Herrera-Rangers1-535x301.jpg 535w, http:\/\/desarrollo.grupomedios.com\/futbol\/wp-content\/uploads\/2017\/06\/Herrera-Rangers1-374x210.jpg 374w, http:\/\/desarrollo.grupomedios.com\/futbol\/wp-content\/uploads\/2017\/06\/Herrera-Rangers1.jpg 1136w\" sizes=\"(max-width: 1024px) 100vw, 1024px\" \/><\/a><\/p>\n<p>El mismo ex futbolista de <strong>Pumas<\/strong>, <strong>Santos<\/strong> y <strong>Veracruz<\/strong> puede verse despu\u00e9s realizando ejercicios con bal\u00f3n.<\/p>\n<p><a href=\"https:\/\/www.futboltotal.com.mx\/wp-content\/uploads\/2017\/06\/Herrera-Rangers2.jpg\"><img decoding=\"async\" loading=\"lazy\" class=\"aligncenter size-large wp-image-484743\" src=\"https:\/\/www.futboltotal.com.mx\/wp-content\/uploads\/2017\/06\/Herrera-Rangers2-1024x576.jpg\" alt=\"Captan a Gullit Pe\u00f1a y Eduardo Herrera entrenando con el Rangers 1\" srcset=\"http:\/\/desarrollo.grupomedios.com\/futbol\/wp-content\/uploads\/2017\/06\/Herrera-Rangers2-1024x576.jpg 1024w, http:\/\/desarrollo.grupomedios.com\/futbol\/wp-content\/uploads\/2017\/06\/Herrera-Rangers2-300x169.jpg 300w, http:\/\/desarrollo.grupomedios.com\/futbol\/wp-content\/uploads\/2017\/06\/Herrera-Rangers2-768x432.jpg 768w, http:\/\/desarrollo.grupomedios.com\/futbol\/wp-content\/uploads\/2017\/06\/Herrera-Rangers2-317x178.jpg 317w, http:\/\/desarrollo.grupomedios.com\/futbol\/wp-content\/uploads\/2017\/06\/Herrera-Rangers2-535x301.jpg 535w, http:\/\/desarrollo.grupomedios.com\/futbol\/wp-content\/uploads\/2017\/06\/Herrera-Rangers2-374x210.jpg 374w, http:\/\/desarrollo.grupomedios.com\/futbol\/wp-content\/uploads\/2017\/06\/Herrera-Rangers2.jpg 1136w\" sizes=\"(max-width: 1024px) 100vw, 1024px\" \/><\/a><\/p>\n<p>El <strong><em>Gullit<\/em> Pe\u00f1a<\/strong> aparece en otra imagen sentado sobre el c\u00e9sped y amarr\u00e1ndose sus zapatos para poder iniciar con la pr\u00e1ctica.<\/p>\n<p>Ambos jugadores ya viven esta nueva etapa en su carrera luego de que su llegada al <strong>Rangers<\/strong> estuviera en duda al <a href=\"https:\/\/www.futboltotal.com.mx\/2017\/06\/eduardo-herrera-gullit-pena-reciben-permiso-jugar-en-escocia\/\" target=\"_blank\" rel=\"noopener noreferrer\"><span style=\"color: #333399;\">necesitar un permiso para jugar en la <strong>Liga escocesa<\/strong><\/span><\/a> debido a que <a href=\"https:\/\/www.futboltotal.com.mx\/2017\/06\/sueno-europeo-gullit-pena-derribado-leyes\/\" target=\"_blank\" rel=\"noopener noreferrer\"><span style=\"color: #333399;\">no cuentan con al menos el 75% de partidos con su selecci\u00f3n<\/span><\/a>.<\/p>\n<p style=\"text-align: center;\"><a href=\"https:\/\/www.futboltotal.com.mx\/2017\/06\/guerron-avion-calderon-se-estrenan-gol-en-pumas\/\" target=\"_blank\" rel=\"noopener noreferrer\"><span style=\"color: #333399;\">VER M\u00c1S: Guerr\u00f3n y el Avi\u00f3n Calder\u00f3n se estrenan con gol en Pumas<\/span><\/a><\/p>\n","protected":false},"excerpt":{"rendered":"<p>Un aficionado de los Gers se infiltr\u00f3 para presenciar la pr\u00e1ctica de los mexicanos.<\/p>\n","protected":false},"author":20,"featured_media":482704,"comment_status":"closed","ping_status":"closed","sticky":false,"template":"","format":"standard","meta":[],"categories":[5,3839,7552,6718],"tags":[1781,1140,1237,1754],"_links":{"self":[{"href":"http:\/\/desarrollo.grupomedios.com\/futbol\/wp-json\/wp\/v2\/posts\/484738"}],"collection":[{"href":"http:\/\/desarrollo.grupomedios.com\/futbol\/wp-json\/wp\/v2\/posts"}],"about":[{"href":"http:\/\/desarrollo.grupomedios.com\/futbol\/wp-json\/wp\/v2\/types\/post"}],"author":[{"embeddable":true,"href":"http:\/\/desarrollo.grupomedios.com\/futbol\/wp-json\/wp\/v2\/users\/20"}],"replies":[{"embeddable":true,"href":"http:\/\/desarrollo.grupomedios.com\/futbol\/wp-json\/wp\/v2\/comments?post=484738"}],"version-history":[{"count":1,"href":"http:\/\/desarrollo.grupomedios.com\/futbol\/wp-json\/wp\/v2\/posts\/484738\/revisions"}],"predecessor-version":[{"id":484747,"href":"http:\/\/desarrollo.grupomedios.com\/futbol\/wp-json\/wp\/v2\/posts\/484738\/revisions\/484747"}],"wp:featuredmedia":[{"embeddable":true,"href":"http:\/\/desarrollo.grupomedios.com\/futbol\/wp-json\/wp\/v2\/media\/482704"}],"wp:attachment":[{"href":"http:\/\/desarrollo.grupomedios.com\/futbol\/wp-json\/wp\/v2\/media?parent=484738"}],"wp:term":[{"taxonomy":"category","embeddable":true,"href":"http:\/\/desarrollo.grupomedios.com\/futbol\/wp-json\/wp\/v2\/categories?post=484738"},{"taxonomy":"post_tag","embeddable":true,"href":"http:\/\/desarrollo.grupomedios.com\/futbol\/wp-json\/wp\/v2\/tags?post=484738"}],"curies":[{"name":"wp","href":"https:\/\/api.w.org\/{rel}","templated":true}]}}