{"id":484751,"date":"2017-06-22T11:06:04","date_gmt":"2017-06-22T16:06:04","guid":{"rendered":"https:\/\/www.futboltotal.com.mx\/?p=484751"},"modified":"2017-06-22T11:06:04","modified_gmt":"2017-06-22T16:06:04","slug":"portugal-sufrio-una-baja-en-confederaciones","status":"publish","type":"post","link":"http:\/\/desarrollo.grupomedios.com\/futbol\/futbol-internacional\/portugal-sufrio-una-baja-en-confederaciones\/2017\/06","title":{"rendered":"Portugal tambi\u00e9n sufri\u00f3 una baja en Confederaciones"},"content":{"rendered":"<p>El defensa de la <strong>Selecci\u00f3n de Portugal<\/strong>, <strong>Raphael Guerreiro<\/strong>, dejar\u00e1 la <strong>Copa Confederaciones<\/strong> debido a que sufre una fractura en la pierna, misma que le fue diagnosticada en el pasado partido ante Rusia cuando sali\u00f3 del campo.<\/p>\n<p>La fractura fue el primer diagn\u00f3stico desde que sali\u00f3 del campo y lo que sorprendi\u00f3 fue que el cuerpo m\u00e9dico anunci\u00f3 que el futbolista jugaba lesionado desde hace tres meses.<\/p>\n<p>A trav\u00e9s de su cuenta de Instagram, Guerreiro comparti\u00f3 una fotograf\u00eda hablando sobre su lesi\u00f3n y asegur\u00f3 que seguir\u00e1 apoyando a sus compa\u00f1eros.<\/p>\n<p style=\"text-align: center;\"><span style=\"color: #3366ff;\"><a style=\"color: #3366ff;\" href=\"https:\/\/www.futboltotal.com.mx\/2017\/06\/mexicanos-gritaron-puto-recibiran-multa-en-rusia\/\">VER M\u00c1S: Mexicanos que gritaron \u201cPuto\u201d recibir\u00e1n multa en Rusia<\/a><\/span><\/p>\n<p>&#8220;Estar\u00e9 detr\u00e1s de mis compa\u00f1eros durante el resto de la competici\u00f3n&#8221;, dijo en Instagram el lateral izquierdo.<\/p>\n<p>&#8220;Felizmente, la fractura no ocasiona ning\u00fan dolor, pero no puedo simplemente posar el pie en el suelo o moverlo&#8221;, a\u00f1adi\u00f3.<\/p>\n<p>El jugador de <strong>Portugal<\/strong> agarr\u00f3 a todo el mundo por sorpresa revelando que la lesi\u00f3n &#8220;databa de hace tres meses&#8221;, sin que eso le impidiera jugar hasta ahora.<\/p>\n<p>Pero esta historia se termin\u00f3 el mi\u00e9rcoles para \u00e9l en Mosc\u00fa, en la victoria por 1-0 de la <em>Sele\u00e7ao<\/em> contra Rusia, cuando dej\u00f3 el terreno en el minuto 65 tras verse agravada la fractura.<\/p>\n<p style=\"text-align: center;\"><span style=\"color: #3366ff;\"><a style=\"color: #3366ff;\" href=\"https:\/\/www.futboltotal.com.mx\/2017\/06\/davino-confirmo-rayados-ya-pidio-a-layun\/\">VER M\u00c1S: Davino confirm\u00f3 que Rayados ya pidi\u00f3 a Lay\u00fan<\/a><\/span><\/p>\n<p>Normalmente, con una lesi\u00f3n as\u00ed, Guerreiro tiene pocas posibilidades de estar recuperado para el 18 de agosto, fecha de inicio de la Bundesliga, con el Borussia Dortmund.<\/p>\n","protected":false},"excerpt":{"rendered":"<p>El jugador del Dortmund tuvo una lesi\u00f3n en la pierna.<\/p>\n","protected":false},"author":20,"featured_media":484755,"comment_status":"closed","ping_status":"closed","sticky":false,"template":"","format":"standard","meta":[],"categories":[3839],"tags":[1580,715],"_links":{"self":[{"href":"http:\/\/desarrollo.grupomedios.com\/futbol\/wp-json\/wp\/v2\/posts\/484751"}],"collection":[{"href":"http:\/\/desarrollo.grupomedios.com\/futbol\/wp-json\/wp\/v2\/posts"}],"about":[{"href":"http:\/\/desarrollo.grupomedios.com\/futbol\/wp-json\/wp\/v2\/types\/post"}],"author":[{"embeddable":true,"href":"http:\/\/desarrollo.grupomedios.com\/futbol\/wp-json\/wp\/v2\/users\/20"}],"replies":[{"embeddable":true,"href":"http:\/\/desarrollo.grupomedios.com\/futbol\/wp-json\/wp\/v2\/comments?post=484751"}],"version-history":[{"count":1,"href":"http:\/\/desarrollo.grupomedios.com\/futbol\/wp-json\/wp\/v2\/posts\/484751\/revisions"}],"predecessor-version":[{"id":484756,"href":"http:\/\/desarrollo.grupomedios.com\/futbol\/wp-json\/wp\/v2\/posts\/484751\/revisions\/484756"}],"wp:featuredmedia":[{"embeddable":true,"href":"http:\/\/desarrollo.grupomedios.com\/futbol\/wp-json\/wp\/v2\/media\/484755"}],"wp:attachment":[{"href":"http:\/\/desarrollo.grupomedios.com\/futbol\/wp-json\/wp\/v2\/media?parent=484751"}],"wp:term":[{"taxonomy":"category","embeddable":true,"href":"http:\/\/desarrollo.grupomedios.com\/futbol\/wp-json\/wp\/v2\/categories?post=484751"},{"taxonomy":"post_tag","embeddable":true,"href":"http:\/\/desarrollo.grupomedios.com\/futbol\/wp-json\/wp\/v2\/tags?post=484751"}],"curies":[{"name":"wp","href":"https:\/\/api.w.org\/{rel}","templated":true}]}}