{"id":484761,"date":"2017-06-22T11:46:28","date_gmt":"2017-06-22T16:46:28","guid":{"rendered":"https:\/\/www.futboltotal.com.mx\/?p=484761"},"modified":"2017-06-22T11:46:28","modified_gmt":"2017-06-22T16:46:28","slug":"carlos-salcedo-baja-eintracht-frankfurt-tri-tres-meses","status":"publish","type":"post","link":"http:\/\/desarrollo.grupomedios.com\/futbol\/destacado-home\/carlos-salcedo-baja-eintracht-frankfurt-tri-tres-meses\/2017\/06","title":{"rendered":"Carlos Salcedo, baja con Eintracht Frankfurt y el Tri por tres meses"},"content":{"rendered":"<p>El <strong>Eintracht Frankfurt<\/strong> ha dado a conocer que el defensa mexicano <strong>Carlos Salcedo,<\/strong> quien <a href=\"https:\/\/www.futboltotal.com.mx\/2017\/06\/carlos-salcedo-causa-baja-de-la-seleccion-mexicana\/\" target=\"_blank\" rel=\"noopener noreferrer\"><span style=\"color: #333399;\">se lesionara el hombro izquierdo durante el duelo de la <strong>Selecci\u00f3n<\/strong> <strong>Mexicana<\/strong> ante <strong>Nueva<\/strong> <strong>Zelanda<\/strong><\/span><\/a>, ser\u00e1 baja por un lapso de tres meses.<\/p>\n<p>Asimismo, <strong>Salcedo<\/strong> ser\u00e1 operado en <strong>M\u00e9xico<\/strong> en los pr\u00f3ximos d\u00edas y el <strong>Eintrach<\/strong> revel\u00f3 que estar\u00e1 en contacto con el cuerpo m\u00e9dico del <em><strong>Tri<\/strong><\/em> y con el representante del defensor para conocer su estado f\u00edsico.<\/p>\n<p>&nbsp;<\/p>\n<blockquote class=\"twitter-tweet\" data-lang=\"es\">\n<p dir=\"ltr\" lang=\"es\">Carlos Salcedo ser\u00e1 baja por tres meses<\/p>\n<p>&#x1f4dd; Informaci\u00f3n: <a href=\"https:\/\/t.co\/NAo52UYR0R\">https:\/\/t.co\/NAo52UYR0R<\/a> <a href=\"https:\/\/t.co\/mzwpndn42W\">pic.twitter.com\/mzwpndn42W<\/a><\/p>\n<p>\u2014 eintracht_esp (@eintracht_esp) <a href=\"https:\/\/twitter.com\/eintracht_esp\/status\/877920039030071296\">22 de junio de 2017<\/a><\/p><\/blockquote>\n<p><script async src=\"\/\/platform.twitter.com\/widgets.js\" charset=\"utf-8\"><\/script><\/p>\n<p>La <strong>Selecci\u00f3n<\/strong> <strong>Mexicana<\/strong> ya hab\u00eda dado a conocer el parte m\u00e9dico sobre el estado de salud de <strong>Salcedo<\/strong>, revelando que sufri\u00f3\u00a0&#8220;una lesi\u00f3n del ligamento de la articulaci\u00f3n acromioclavicular\u00a0(&#8230;)\u00a0ser\u00e1 el club de la Bundesliga qui\u00e9n determine la rehabilitaci\u00f3n que seguir\u00e1 el defensor&#8221;.<\/p>\n<p style=\"text-align: center;\"><a href=\"https:\/\/www.futboltotal.com.mx\/2017\/06\/captan-a-gullit-pena-eduardo-herrera-entrenando-rangers\/\" target=\"_blank\" rel=\"noopener noreferrer\"><span style=\"color: #333399;\">VER M\u00c1S: Captan a Gullit Pe\u00f1a y Eduardo Herrera entrenando con Rangers<\/span><\/a><\/p>\n<p>Apenas hace nueve d\u00edas se dio a conocer que <strong>Salcedo<\/strong>, cedido la temporada pasada con la <strong>Fiorentina<\/strong>, <a href=\"https:\/\/www.futboltotal.com.mx\/2017\/06\/salcedo-se-une-a-fabian-en-eintracht-frankfurt\/\" target=\"_blank\" rel=\"noopener noreferrer\"><span style=\"color: #333399;\">era nuevo jugador del Eintrach Frankfurt<\/span><\/a> luego de que el club de la Bundesliga llegara a un acuerdo con <strong>Chivas<\/strong>, due\u00f1o de su carta.<\/p>\n<p>Sin embargo, el <strong>Eintracht<\/strong>, donde tambi\u00e9n juega el mexicano <strong>Marco<\/strong> <strong>Fabi\u00e1n<\/strong>, deber\u00e1 esperar para que <strong>Salcedo<\/strong> haga su debut con las <em><strong>\u00c1guilas<\/strong><\/em> alemanas.<\/p>\n<p style=\"text-align: center;\"><a href=\"https:\/\/www.futboltotal.com.mx\/2017\/06\/mexicanos-gritaron-puto-recibiran-multa-en-rusia\/\" target=\"_blank\" rel=\"noopener noreferrer\"><span style=\"color: #333399;\">VER M\u00c1S:Mexicanos que gritaron &#8220;Puto&#8221; recibir\u00e1n multa en Rusia<\/span><\/a><\/p>\n","protected":false},"excerpt":{"rendered":"<p>Salcedo ser\u00e1 operado en M\u00e9xico en los pr\u00f3ximos d\u00edas.<\/p>\n","protected":false},"author":20,"featured_media":484763,"comment_status":"closed","ping_status":"closed","sticky":false,"template":"","format":"standard","meta":[],"categories":[3868,5,3839,2198,6822,6718,3847],"tags":[5531,1580,3588,1245,65,409],"_links":{"self":[{"href":"http:\/\/desarrollo.grupomedios.com\/futbol\/wp-json\/wp\/v2\/posts\/484761"}],"collection":[{"href":"http:\/\/desarrollo.grupomedios.com\/futbol\/wp-json\/wp\/v2\/posts"}],"about":[{"href":"http:\/\/desarrollo.grupomedios.com\/futbol\/wp-json\/wp\/v2\/types\/post"}],"author":[{"embeddable":true,"href":"http:\/\/desarrollo.grupomedios.com\/futbol\/wp-json\/wp\/v2\/users\/20"}],"replies":[{"embeddable":true,"href":"http:\/\/desarrollo.grupomedios.com\/futbol\/wp-json\/wp\/v2\/comments?post=484761"}],"version-history":[{"count":1,"href":"http:\/\/desarrollo.grupomedios.com\/futbol\/wp-json\/wp\/v2\/posts\/484761\/revisions"}],"predecessor-version":[{"id":484764,"href":"http:\/\/desarrollo.grupomedios.com\/futbol\/wp-json\/wp\/v2\/posts\/484761\/revisions\/484764"}],"wp:featuredmedia":[{"embeddable":true,"href":"http:\/\/desarrollo.grupomedios.com\/futbol\/wp-json\/wp\/v2\/media\/484763"}],"wp:attachment":[{"href":"http:\/\/desarrollo.grupomedios.com\/futbol\/wp-json\/wp\/v2\/media?parent=484761"}],"wp:term":[{"taxonomy":"category","embeddable":true,"href":"http:\/\/desarrollo.grupomedios.com\/futbol\/wp-json\/wp\/v2\/categories?post=484761"},{"taxonomy":"post_tag","embeddable":true,"href":"http:\/\/desarrollo.grupomedios.com\/futbol\/wp-json\/wp\/v2\/tags?post=484761"}],"curies":[{"name":"wp","href":"https:\/\/api.w.org\/{rel}","templated":true}]}}