{"id":484762,"date":"2017-06-22T11:55:23","date_gmt":"2017-06-22T16:55:23","guid":{"rendered":"https:\/\/www.futboltotal.com.mx\/?p=484762"},"modified":"2017-06-22T11:55:23","modified_gmt":"2017-06-22T16:55:23","slug":"sujeto-se-pasar-landin-entrevistado-periodista-fox-sports","status":"publish","type":"post","link":"http:\/\/desarrollo.grupomedios.com\/futbol\/videos\/sujeto-se-pasar-landin-entrevistado-periodista-fox-sports\/2017\/06","title":{"rendered":"Sujeto se hace pasar por Land\u00edn y es entrevistado por periodista de Fox Sports"},"content":{"rendered":"<p>Durante el programa <strong>Agenda Fox Sports,<\/strong> el periodista Fernando Schwartz realiz\u00f3 una entrevista como cada ma\u00f1ana lo hace en su programa y el elegido hab\u00eda sido el delantero mexicano, <strong>Luis \u00c1ngel Land\u00edn<\/strong>.<\/p>\n<p>El periodista de <strong>Fox Sports<\/strong> realiz\u00f3 la entrevista de forma normal al igual que la conductora Valeria Mar\u00edn y terminaron con un saludo para Land\u00edn, quien pas\u00f3 al Herediano de Costa Rica.<\/p>\n<p>Para sorpresa de ambos, la persona con la que hablaron no era el ex delantero del Pachuca sino un farsante que utilizaba su nombre, pues as\u00ed lo indic\u00f3 el propio Land\u00edn, quien pidi\u00f3 ayuda a trav\u00e9s de su cuenta de Facebook.<\/p>\n<p><iframe loading=\"lazy\" src=\"https:\/\/www.youtube.com\/embed\/sGZHx9sDvRE?feature=oembed\" frameborder=\"0\" allowfullscreen><\/iframe><\/p>\n<div class=\"fb-post\" data-href=\"https:\/\/www.facebook.com\/LLandin27\/posts\/732452330267690\" data-data-show-text=\"true\">\n<blockquote class=\"fb-xfbml-parse-ignore\" cite=\"https:\/\/www.facebook.com\/LLandin27\/posts\/732452330267690\"><p>Quiero aclarar que la entrevista de hoy con #AgendaFoxSports no fui yo&#8230;. est\u00e1 persona se est\u00e1 haciendo pasar por mi y&#8230;<\/p>\n<p>Posted by <a href=\"https:\/\/www.facebook.com\/LLandin27\/\">Luis \u00c1ngel Land\u00edn Cort\u00e9s<\/a> on\u00a0<a href=\"https:\/\/www.facebook.com\/LLandin27\/posts\/732452330267690\">mi\u00e9rcoles, 21 de junio de 2017<\/a><\/p><\/blockquote>\n<\/div>\n<p>Fernando Schwartz acept\u00f3 su error y pidi\u00f3 disculpas por medio de su cuenta de Twitter, pues despu\u00e9s prepar\u00f3 una entrevista al aire con el verdadero Luis \u00c1ngel Land\u00edn.<\/p>\n<blockquote class=\"twitter-tweet\" data-width=\"500\">\n<p lang=\"es\" dir=\"ltr\">Doy la cara. Ayer nos enga\u00f1o un tipejo haci\u00e9ndose pasar x Land\u00edn.  Hoy lo aclaramos al aire. Estuvo el verdadero DISCULPAS. LES FALLE<\/p>\n<p>&mdash; FERNANDO SCHWARTZ (@fersch_4) <a href=\"https:\/\/twitter.com\/fersch_4\/status\/877887659225399296\">June 22, 2017<\/a><\/p><\/blockquote>\n<p><script async src=\"\/\/platform.twitter.com\/widgets.js\" charset=\"utf-8\"><\/script><\/p>\n<blockquote class=\"twitter-tweet\" data-width=\"500\">\n<p lang=\"es\" dir=\"ltr\">El mensaje de <a href=\"https:\/\/twitter.com\/fersch_4\">@fersch_4<\/a> respecto a lo ocurrido con Luis \u00c1ngel Land\u00edn (v\u00eda <a href=\"https:\/\/twitter.com\/AgendaFOXSports\">@AgendaFOXSports<\/a>) <a href=\"https:\/\/t.co\/2BXRonsAbp\">pic.twitter.com\/2BXRonsAbp<\/a><\/p>\n<p>&mdash; FOX Sports MX (@FOXSportsMX) <a href=\"https:\/\/twitter.com\/FOXSportsMX\/status\/877911854797832192\">June 22, 2017<\/a><\/p><\/blockquote>\n<p><script async src=\"\/\/platform.twitter.com\/widgets.js\" charset=\"utf-8\"><\/script><\/p>\n","protected":false},"excerpt":{"rendered":"<p>El periodista se disculp\u00f3 luego de entrevistar a un falso Land\u00edn.<\/p>\n","protected":false},"author":20,"featured_media":484766,"comment_status":"closed","ping_status":"closed","sticky":false,"template":"","format":"standard","meta":[],"categories":[5419,4],"tags":[5460,1490],"_links":{"self":[{"href":"http:\/\/desarrollo.grupomedios.com\/futbol\/wp-json\/wp\/v2\/posts\/484762"}],"collection":[{"href":"http:\/\/desarrollo.grupomedios.com\/futbol\/wp-json\/wp\/v2\/posts"}],"about":[{"href":"http:\/\/desarrollo.grupomedios.com\/futbol\/wp-json\/wp\/v2\/types\/post"}],"author":[{"embeddable":true,"href":"http:\/\/desarrollo.grupomedios.com\/futbol\/wp-json\/wp\/v2\/users\/20"}],"replies":[{"embeddable":true,"href":"http:\/\/desarrollo.grupomedios.com\/futbol\/wp-json\/wp\/v2\/comments?post=484762"}],"version-history":[{"count":1,"href":"http:\/\/desarrollo.grupomedios.com\/futbol\/wp-json\/wp\/v2\/posts\/484762\/revisions"}],"predecessor-version":[{"id":484767,"href":"http:\/\/desarrollo.grupomedios.com\/futbol\/wp-json\/wp\/v2\/posts\/484762\/revisions\/484767"}],"wp:featuredmedia":[{"embeddable":true,"href":"http:\/\/desarrollo.grupomedios.com\/futbol\/wp-json\/wp\/v2\/media\/484766"}],"wp:attachment":[{"href":"http:\/\/desarrollo.grupomedios.com\/futbol\/wp-json\/wp\/v2\/media?parent=484762"}],"wp:term":[{"taxonomy":"category","embeddable":true,"href":"http:\/\/desarrollo.grupomedios.com\/futbol\/wp-json\/wp\/v2\/categories?post=484762"},{"taxonomy":"post_tag","embeddable":true,"href":"http:\/\/desarrollo.grupomedios.com\/futbol\/wp-json\/wp\/v2\/tags?post=484762"}],"curies":[{"name":"wp","href":"https:\/\/api.w.org\/{rel}","templated":true}]}}