{"id":484770,"date":"2017-06-22T12:23:02","date_gmt":"2017-06-22T17:23:02","guid":{"rendered":"https:\/\/www.futboltotal.com.mx\/?p=484770"},"modified":"2017-06-22T14:10:04","modified_gmt":"2017-06-22T19:10:04","slug":"daniella-chavez-mando-apoyo-a-chile-foto-donde-semidesnuda","status":"publish","type":"post","link":"http:\/\/desarrollo.grupomedios.com\/futbol\/futbol-internacional\/daniella-chavez-mando-apoyo-a-chile-foto-donde-semidesnuda\/2017\/06","title":{"rendered":"Daniella Ch\u00e1vez mand\u00f3 apoyo a Chile con foto semidesnuda"},"content":{"rendered":"<p>Para el segundo partido de <strong>Chile<\/strong> en la <strong>Copa Confederaciones<\/strong>, donde enfrentar\u00e1 a Alemania, actual Campe\u00f3n del Mundo, la modelo <strong>Daniella Ch\u00e1vez<\/strong> comparti\u00f3 una foto donde aparece semidesnuda y mand\u00f3 apoyo a su selecci\u00f3n.<\/p>\n<p>Ya previo al inicio del torneo que se disputa en Rusia, <strong>Daniella Ch\u00e1vez<\/strong> hab\u00eda encendido las redes con sus fotograf\u00edas, pues despu\u00e9s durante el triunfo de La Roja ante Camer\u00fan, tambi\u00e9n envi\u00f3 otro &#8220;regalito&#8221;.<\/p>\n<p style=\"text-align: center;\"><span style=\"color: #3366ff;\"><a style=\"color: #3366ff;\" href=\"https:\/\/www.futboltotal.com.mx\/2017\/06\/carlos-salcedo-baja-eintracht-frankfurt-tri-tres-meses\/\">VER M\u00c1S: Carlos Salcedo, baja con Eintracht Frankfurt y el Tri por tres meses<\/a><\/span><\/p>\n<p style=\"text-align: center;\"><a href=\"https:\/\/www.futboltotal.com.mx\/wp-content\/uploads\/2017\/06\/DC8J49nXUAIX2K6.jpg\"><img decoding=\"async\" loading=\"lazy\" class=\"alignnone size-full wp-image-484771\" src=\"https:\/\/www.futboltotal.com.mx\/wp-content\/uploads\/2017\/06\/DC8J49nXUAIX2K6.jpg\" alt=\"Daniella Ch\u00e1vez mand\u00f3 apoyo a Chile con foto semidesnuda 0\" srcset=\"http:\/\/desarrollo.grupomedios.com\/futbol\/wp-content\/uploads\/2017\/06\/DC8J49nXUAIX2K6.jpg 583w, http:\/\/desarrollo.grupomedios.com\/futbol\/wp-content\/uploads\/2017\/06\/DC8J49nXUAIX2K6-300x288.jpg 300w\" sizes=\"(max-width: 583px) 100vw, 583px\" \/><\/a><\/p>\n<p>Aqu\u00ed te mostramos otras im\u00e1genes del apoyo de <strong>Daniella Ch\u00e1vez<\/strong> a la Selecci\u00f3n Chilena.<\/p>\n<p>https:\/\/twitter.com\/daniellachavezc\/status\/876528887718584321<\/p>\n<blockquote class=\"twitter-tweet\" data-width=\"500\">\n<p lang=\"en\" dir=\"ltr\">Goooooool de <a href=\"https:\/\/twitter.com\/hashtag\/Chile?src=hash\">#Chile<\/a>  <a href=\"https:\/\/twitter.com\/hashtag\/Vidal?src=hash\">#Vidal<\/a> <a href=\"https:\/\/twitter.com\/hashtag\/CopaConfederaciones2017?src=hash\">#CopaConfederaciones2017<\/a> <a href=\"https:\/\/t.co\/dt3vhCyz2Y\">pic.twitter.com\/dt3vhCyz2Y<\/a><\/p>\n<p>&mdash; Daniella Chavez (@daniellachavezc) <a href=\"https:\/\/twitter.com\/daniellachavezc\/status\/876525057954127872\">June 18, 2017<\/a><\/p><\/blockquote>\n<p><script async src=\"\/\/platform.twitter.com\/widgets.js\" charset=\"utf-8\"><\/script><\/p>\n","protected":false},"excerpt":{"rendered":"<p>La modelo mand\u00f3 su apoyo a Chile, que jugar\u00e1 frente Alemania.<\/p>\n","protected":false},"author":20,"featured_media":408405,"comment_status":"closed","ping_status":"closed","sticky":false,"template":"","format":"standard","meta":[],"categories":[3839],"tags":[5460,2033,406,1580],"_links":{"self":[{"href":"http:\/\/desarrollo.grupomedios.com\/futbol\/wp-json\/wp\/v2\/posts\/484770"}],"collection":[{"href":"http:\/\/desarrollo.grupomedios.com\/futbol\/wp-json\/wp\/v2\/posts"}],"about":[{"href":"http:\/\/desarrollo.grupomedios.com\/futbol\/wp-json\/wp\/v2\/types\/post"}],"author":[{"embeddable":true,"href":"http:\/\/desarrollo.grupomedios.com\/futbol\/wp-json\/wp\/v2\/users\/20"}],"replies":[{"embeddable":true,"href":"http:\/\/desarrollo.grupomedios.com\/futbol\/wp-json\/wp\/v2\/comments?post=484770"}],"version-history":[{"count":2,"href":"http:\/\/desarrollo.grupomedios.com\/futbol\/wp-json\/wp\/v2\/posts\/484770\/revisions"}],"predecessor-version":[{"id":484791,"href":"http:\/\/desarrollo.grupomedios.com\/futbol\/wp-json\/wp\/v2\/posts\/484770\/revisions\/484791"}],"wp:featuredmedia":[{"embeddable":true,"href":"http:\/\/desarrollo.grupomedios.com\/futbol\/wp-json\/wp\/v2\/media\/408405"}],"wp:attachment":[{"href":"http:\/\/desarrollo.grupomedios.com\/futbol\/wp-json\/wp\/v2\/media?parent=484770"}],"wp:term":[{"taxonomy":"category","embeddable":true,"href":"http:\/\/desarrollo.grupomedios.com\/futbol\/wp-json\/wp\/v2\/categories?post=484770"},{"taxonomy":"post_tag","embeddable":true,"href":"http:\/\/desarrollo.grupomedios.com\/futbol\/wp-json\/wp\/v2\/tags?post=484770"}],"curies":[{"name":"wp","href":"https:\/\/api.w.org\/{rel}","templated":true}]}}