{"id":484775,"date":"2017-06-22T13:33:03","date_gmt":"2017-06-22T18:33:03","guid":{"rendered":"https:\/\/www.futboltotal.com.mx\/?p=484775"},"modified":"2017-06-22T13:33:03","modified_gmt":"2017-06-22T18:33:03","slug":"rangers-oficial-llegada-eduardo-herrera-carlos-pena","status":"publish","type":"post","link":"http:\/\/desarrollo.grupomedios.com\/futbol\/destacado-home\/rangers-oficial-llegada-eduardo-herrera-carlos-pena\/2017\/06","title":{"rendered":"Rangers hace oficial llegada de Eduardo Herrera y Carlos Pe\u00f1a"},"content":{"rendered":"<p>El <strong>Rangers<\/strong> de Escocia, ha hecho oficial la llegada de los mexicanos <strong>Eduardo Herrera<\/strong> y <strong>Carlos Pe\u00f1a<\/strong> a partir de la pr\u00f3xima temporada.<\/p>\n<p>El club escoc\u00e9s, que apenas regresar\u00e1 a Primera Divisi\u00f3n en esta temporada, hizo oficial la contrataci\u00f3n de <strong>Herrera<\/strong> y <strong>Pe\u00f1a<\/strong> a trav\u00e9s de su cuenta de Twitter.<\/p>\n<p style=\"text-align: center;\"><span style=\"color: #3366ff;\"><a style=\"color: #3366ff;\" href=\"https:\/\/www.futboltotal.com.mx\/2017\/06\/juventus-ficharia-a-figura-del-real-madrid-suplir-a-dani-alves\/\">VER M\u00c1S: Juventus fichar\u00eda a figura del Real Madrid para suplir a Dani Alves<\/a><\/span><\/p>\n<blockquote class=\"twitter-tweet\" data-width=\"500\">\n<p lang=\"en\" dir=\"ltr\"><a href=\"https:\/\/twitter.com\/hashtag\/RangersFC?src=hash\">#RangersFC<\/a> can tonight confirm that Carlos Pena has joined the club on a three-year deal: <a href=\"https:\/\/t.co\/Ha8ry2TOch\">https:\/\/t.co\/Ha8ry2TOch<\/a> <a href=\"https:\/\/twitter.com\/hashtag\/WelcomeCarlos?src=hash\">#WelcomeCarlos<\/a> <a href=\"https:\/\/t.co\/gfCiBmAPNe\">pic.twitter.com\/gfCiBmAPNe<\/a><\/p>\n<p>&mdash; Rangers FC (@RangersFC) <a href=\"https:\/\/twitter.com\/RangersFC\/status\/877949418816892930\">June 22, 2017<\/a><\/p><\/blockquote>\n<p><script async src=\"\/\/platform.twitter.com\/widgets.js\" charset=\"utf-8\"><\/script><\/p>\n<blockquote class=\"twitter-tweet\" data-width=\"500\">\n<p lang=\"en\" dir=\"ltr\"><a href=\"https:\/\/twitter.com\/hashtag\/RangersFC?src=hash\">#RangersFC<\/a> can also confirm that Eduardo Herrera has joined the club on a three year deal: <a href=\"https:\/\/t.co\/vRijXkbTY2\">https:\/\/t.co\/vRijXkbTY2<\/a> <a href=\"https:\/\/twitter.com\/hashtag\/WelcomeEduardo?src=hash\">#WelcomeEduardo<\/a> <a href=\"https:\/\/t.co\/ZZDY7il9JI\">pic.twitter.com\/ZZDY7il9JI<\/a><\/p>\n<p>&mdash; Rangers FC (@RangersFC) <a href=\"https:\/\/twitter.com\/RangersFC\/status\/877949607422042114\">June 22, 2017<\/a><\/p><\/blockquote>\n<p><script async src=\"\/\/platform.twitter.com\/widgets.js\" charset=\"utf-8\"><\/script><\/p>\n<p>Ambos jugadores firmaron un contrato que los vincula al <strong>Rangers<\/strong> por los pr\u00f3ximos tres a\u00f1os, luego de sus respectivos pasos por Veracruz y Le\u00f3n, respectivamente.<\/p>\n<p>Eduardo Herrera ya dijo sus primeras palabras como nuevo jugador del <strong>Rangers<\/strong> y asegur\u00f3 sentirse orgulloso de llegar a un club tan importante.<\/p>\n<p style=\"text-align: center;\"><span style=\"color: #3366ff;\"><a style=\"color: #3366ff;\" href=\"https:\/\/www.futboltotal.com.mx\/2017\/06\/daniella-chavez-mando-apoyo-a-chile-foto-donde-semidesnuda\/\">VER M\u00c1S: Daniella Ch\u00e1vez mand\u00f3 apoyo a Chile con foto donde semidesnuda<\/a><\/span><\/p>\n<blockquote class=\"twitter-tweet\" data-width=\"500\">\n<p lang=\"en\" dir=\"ltr\">TRAILER: Subscribers can watch a full interview with Eduardo Herrera now on <a href=\"https:\/\/twitter.com\/RangersTV\">@RangersTV<\/a> <a href=\"https:\/\/t.co\/8heLzEQw1x\">https:\/\/t.co\/8heLzEQw1x<\/a> <a href=\"https:\/\/t.co\/xAvPMsf7DU\">pic.twitter.com\/xAvPMsf7DU<\/a><\/p>\n<p>&mdash; RangersTV (@RangersTV) <a href=\"https:\/\/twitter.com\/RangersTV\/status\/877951188821434368\">June 22, 2017<\/a><\/p><\/blockquote>\n<p><script async src=\"\/\/platform.twitter.com\/widgets.js\" charset=\"utf-8\"><\/script><\/p>\n<p>Por su parte, el Gullit Pe\u00f1a tambi\u00e9n habl\u00f3 de su traspaso y dijo querer pertenecer a la historia del club de Escocia, que est\u00e1 volviendo a la Primera Divisi\u00f3n.<\/p>\n","protected":false},"excerpt":{"rendered":"<p>Ambos mexicanos ya dieron sus primeras palabras para el club.<\/p>\n","protected":false},"author":20,"featured_media":484777,"comment_status":"closed","ping_status":"closed","sticky":false,"template":"","format":"standard","meta":[],"categories":[5,3839,2198],"tags":[1781,1140,8893],"_links":{"self":[{"href":"http:\/\/desarrollo.grupomedios.com\/futbol\/wp-json\/wp\/v2\/posts\/484775"}],"collection":[{"href":"http:\/\/desarrollo.grupomedios.com\/futbol\/wp-json\/wp\/v2\/posts"}],"about":[{"href":"http:\/\/desarrollo.grupomedios.com\/futbol\/wp-json\/wp\/v2\/types\/post"}],"author":[{"embeddable":true,"href":"http:\/\/desarrollo.grupomedios.com\/futbol\/wp-json\/wp\/v2\/users\/20"}],"replies":[{"embeddable":true,"href":"http:\/\/desarrollo.grupomedios.com\/futbol\/wp-json\/wp\/v2\/comments?post=484775"}],"version-history":[{"count":1,"href":"http:\/\/desarrollo.grupomedios.com\/futbol\/wp-json\/wp\/v2\/posts\/484775\/revisions"}],"predecessor-version":[{"id":484778,"href":"http:\/\/desarrollo.grupomedios.com\/futbol\/wp-json\/wp\/v2\/posts\/484775\/revisions\/484778"}],"wp:featuredmedia":[{"embeddable":true,"href":"http:\/\/desarrollo.grupomedios.com\/futbol\/wp-json\/wp\/v2\/media\/484777"}],"wp:attachment":[{"href":"http:\/\/desarrollo.grupomedios.com\/futbol\/wp-json\/wp\/v2\/media?parent=484775"}],"wp:term":[{"taxonomy":"category","embeddable":true,"href":"http:\/\/desarrollo.grupomedios.com\/futbol\/wp-json\/wp\/v2\/categories?post=484775"},{"taxonomy":"post_tag","embeddable":true,"href":"http:\/\/desarrollo.grupomedios.com\/futbol\/wp-json\/wp\/v2\/tags?post=484775"}],"curies":[{"name":"wp","href":"https:\/\/api.w.org\/{rel}","templated":true}]}}