{"id":484776,"date":"2017-06-22T13:43:23","date_gmt":"2017-06-22T18:43:23","guid":{"rendered":"https:\/\/www.futboltotal.com.mx\/?p=484776"},"modified":"2017-06-22T13:43:23","modified_gmt":"2017-06-22T18:43:23","slug":"alexis-sanchez-se-convierte-en-maximo-goleador-chile","status":"publish","type":"post","link":"http:\/\/desarrollo.grupomedios.com\/futbol\/futbol-internacional\/alexis-sanchez-se-convierte-en-maximo-goleador-chile\/2017\/06","title":{"rendered":"Alexis S\u00e1nchez se convierte en el m\u00e1ximo goleador de Chile"},"content":{"rendered":"<p>Con el gol que anot\u00f3 ante <strong>Alemania\u00a0<\/strong>en la <strong>Copa Confederaciones<\/strong> de Rusia 2017, el delantero <strong>Alexis S\u00e1nchez<\/strong> se convirti\u00f3 en el m\u00e1ximo goleador en solitario con 38 dianas.<\/p>\n<blockquote class=\"twitter-video\" data-lang=\"es\">\n<p dir=\"ltr\" lang=\"es\">Y con este gol, Alexis S\u00e1nchez se convierte en el m\u00e1ximo goleador hist\u00f3rico de la Selecci\u00f3n chilena &#x1f1e8;&#x1f1f1;. <a href=\"https:\/\/t.co\/bX3N5FO6Uh\">pic.twitter.com\/bX3N5FO6Uh<\/a><\/p>\n<p>\u2014 World Calling (@WorldCalling_) <a href=\"https:\/\/twitter.com\/WorldCalling_\/status\/877954489134624768\">22 de junio de 2017<\/a><\/p><\/blockquote>\n<p><script async src=\"\/\/platform.twitter.com\/widgets.js\" charset=\"utf-8\"><\/script><\/p>\n<p>&nbsp;<\/p>\n<p>El futbolista del <strong>Arsenal<\/strong> super\u00f3 a <strong>Marcelo Salas<\/strong>, con quien se encontraba empatado con 37 goles.<\/p>\n<p style=\"text-align: center;\"><span style=\"color: #333399;\"><a style=\"color: #333399;\" href=\"https:\/\/www.futboltotal.com.mx\/2017\/06\/verratti-hara-pretemporada-psg-quiere-forzar-salida-al-barcelona\/\" target=\"_blank\" rel=\"noopener noreferrer\">VER M\u00c1S: Verratti forzar\u00e1 su llegada al Barcelona\u00a0<\/a><\/span><\/p>\n<p>El reconocido jugador, <strong>Iv\u00e1n Zamorano<\/strong> se qued\u00f3 con 34 anotaciones, mientras que otro seleccionado que a\u00fan est\u00e1 en activo, <strong>Eduardo Vargas<\/strong>, tiene la misma cantidad.<\/p>\n<blockquote class=\"twitter-tweet\" data-width=\"500\">\n<p lang=\"es\" dir=\"ltr\">De Tocopilla a lo m\u00e1s alto de nuestra historia.<\/p>\n<p>\u00a1Felicitaciones, <a href=\"https:\/\/twitter.com\/Alexis_Sanchez\">@Alexis_Sanchez<\/a>, el m\u00e1ximo goleador de <a href=\"https:\/\/twitter.com\/hashtag\/LaRoja?src=hash\">#LaRoja<\/a>! <a href=\"https:\/\/t.co\/1oQXvkXw3P\">pic.twitter.com\/1oQXvkXw3P<\/a><\/p>\n<p>&mdash; Selecci\u00f3n Chilena (@LaRoja) <a href=\"https:\/\/twitter.com\/LaRoja\/status\/877951420410081280\">June 22, 2017<\/a><\/p><\/blockquote>\n<p><script async src=\"\/\/platform.twitter.com\/widgets.js\" charset=\"utf-8\"><\/script><\/p>\n<p style=\"text-align: center;\"><span style=\"color: #333399;\"><a style=\"color: #333399;\" href=\"https:\/\/www.futboltotal.com.mx\/2017\/06\/daniella-chavez-mando-apoyo-a-chile-foto-donde-semidesnuda\/\" target=\"_blank\" rel=\"noopener noreferrer\">VER M\u00c1S: Daniela Ch\u00e1vez apoya a Chile con foto semidesnuda<\/a><\/span><\/p>\n","protected":false},"excerpt":{"rendered":"<p>El futbolista el Arsenal super\u00f3 al m\u00edtico Marcelo Salas como m\u00e1ximo anotador de La Roja <\/p>\n","protected":false},"author":20,"featured_media":471076,"comment_status":"closed","ping_status":"closed","sticky":false,"template":"","format":"standard","meta":[],"categories":[3868,3839],"tags":[6000,6053,406,1580,8853],"_links":{"self":[{"href":"http:\/\/desarrollo.grupomedios.com\/futbol\/wp-json\/wp\/v2\/posts\/484776"}],"collection":[{"href":"http:\/\/desarrollo.grupomedios.com\/futbol\/wp-json\/wp\/v2\/posts"}],"about":[{"href":"http:\/\/desarrollo.grupomedios.com\/futbol\/wp-json\/wp\/v2\/types\/post"}],"author":[{"embeddable":true,"href":"http:\/\/desarrollo.grupomedios.com\/futbol\/wp-json\/wp\/v2\/users\/20"}],"replies":[{"embeddable":true,"href":"http:\/\/desarrollo.grupomedios.com\/futbol\/wp-json\/wp\/v2\/comments?post=484776"}],"version-history":[{"count":1,"href":"http:\/\/desarrollo.grupomedios.com\/futbol\/wp-json\/wp\/v2\/posts\/484776\/revisions"}],"predecessor-version":[{"id":484779,"href":"http:\/\/desarrollo.grupomedios.com\/futbol\/wp-json\/wp\/v2\/posts\/484776\/revisions\/484779"}],"wp:featuredmedia":[{"embeddable":true,"href":"http:\/\/desarrollo.grupomedios.com\/futbol\/wp-json\/wp\/v2\/media\/471076"}],"wp:attachment":[{"href":"http:\/\/desarrollo.grupomedios.com\/futbol\/wp-json\/wp\/v2\/media?parent=484776"}],"wp:term":[{"taxonomy":"category","embeddable":true,"href":"http:\/\/desarrollo.grupomedios.com\/futbol\/wp-json\/wp\/v2\/categories?post=484776"},{"taxonomy":"post_tag","embeddable":true,"href":"http:\/\/desarrollo.grupomedios.com\/futbol\/wp-json\/wp\/v2\/tags?post=484776"}],"curies":[{"name":"wp","href":"https:\/\/api.w.org\/{rel}","templated":true}]}}