{"id":484780,"date":"2017-06-22T14:55:07","date_gmt":"2017-06-22T19:55:07","guid":{"rendered":"https:\/\/www.futboltotal.com.mx\/?p=484780"},"modified":"2017-06-22T14:55:07","modified_gmt":"2017-06-22T19:55:07","slug":"resultado-chile-1-1-alemania-copa-confederaciones-2017","status":"publish","type":"post","link":"http:\/\/desarrollo.grupomedios.com\/futbol\/destacado-home\/resultado-chile-1-1-alemania-copa-confederaciones-2017\/2017\/06","title":{"rendered":"Chile y Alemania terminan dividiendo puntos"},"content":{"rendered":"<p><a href=\"https:\/\/en-vivo.futboltotal.com.mx\/partido\/chile-vs-alemania-copa-confederaciones\/119\/\" target=\"_blank\" rel=\"noopener noreferrer\"><span style=\"color: #333399;\"><strong>Chile<\/strong> <\/span><\/a>y <a href=\"https:\/\/en-vivo.futboltotal.com.mx\/partido\/chile-vs-alemania-copa-confederaciones\/119\/\" target=\"_blank\" rel=\"noopener noreferrer\"><strong>Alemania<\/strong><\/a> se enfrentaron este jueves en el <strong>Kaz\u00e1n Arena<\/strong> de <strong>Rusia<\/strong> por la segunda fecha del <strong>Grupo B<\/strong> en la <strong>Copa Confederaciones<\/strong>. El encuentro entre <em>La Roja<\/em> y <em>La Mannschaftt<\/em> termin\u00f3 empatado a 1-1.<\/p>\n<p style=\"text-align: center;\"><a href=\"https:\/\/www.futboltotal.com.mx\/2017\/06\/zlatan-da-una-pista-proximo-destino\/\" target=\"_blank\" rel=\"noopener noreferrer\"><span style=\"color: #333399;\">VER M\u00c1S:\u00a0Zlatan da una pista de su pr\u00f3ximo destino<\/span><\/a><\/p>\n<p>En la primera mitad <strong>Chile<\/strong> exhibi\u00f3 el potencial ofensivo que lo caracteriza ante una <strong>Alemania<\/strong> plagada de j\u00f3venes. El primer gol del encuentro cay\u00f3 en el minuto 5&#8242; por conducto de <a href=\"https:\/\/www.futboltotal.com.mx\/2017\/06\/alexis-sanchez-se-convierte-en-maximo-goleador-chile\/\" target=\"_blank\" rel=\"noopener noreferrer\"><span style=\"color: #333399;\"><strong>Alexis S\u00e1nchez<\/strong><\/span><\/a>, quien con este tanto se convirti\u00f3 en el m\u00e1ximo anotador del combinado andino\u00a0con 38 tantos. El empate para los <em>Teutones<\/em> lleg\u00f3 al 41&#8242; gracias un excelente desborde de<strong> Jonas Hector<\/strong>, quien centr\u00f3 el esf\u00e9rico para que\u00a0<strong>Lars Stindl<\/strong>\u00a0enviara el bal\u00f3n al fondo de la red.<\/p>\n<p style=\"text-align: center;\"><a href=\"https:\/\/www.futboltotal.com.mx\/2017\/06\/daniella-chavez-mando-apoyo-a-chile-foto-donde-semidesnuda\/\" target=\"_blank\" rel=\"noopener noreferrer\"><span style=\"color: #333399;\">VER M\u00c1S:\u00a0Daniella Ch\u00e1vez mand\u00f3 apoyo a Chile con foto donde semidesnuda<\/span><\/a><\/p>\n<p>En el segundo tiempo las acciones transcurrieron sin peligro, el juego se torn\u00f3 lento y con pocas acciones en los marcos. Andinos y Teutones se respetaron de m\u00e1s en el complemento y el encuentro se volvi\u00f3 soso, mucha lucha y entrega en el medio campo pero pocas aproximaciones.\u00a0Con este resultado ambos conjuntos llegaron a 4 unidades y <strong>Chile<\/strong> lidera el <strong>Grupo B<\/strong>.<\/p>\n<p>&nbsp;<\/p>\n<p>&nbsp;<\/p>\n<p>&nbsp;<\/p>\n","protected":false},"excerpt":{"rendered":"<p>Chile y Alemania terminaron igualando a 1-1, con este resultado, los dirigidos de Pizzi asumen el liderato del Grupo B<\/p>\n","protected":false},"author":20,"featured_media":484806,"comment_status":"closed","ping_status":"closed","sticky":false,"template":"","format":"standard","meta":[],"categories":[3868,5,3839],"tags":[6000,6053,406,1580,9115,9108,1299,9116],"_links":{"self":[{"href":"http:\/\/desarrollo.grupomedios.com\/futbol\/wp-json\/wp\/v2\/posts\/484780"}],"collection":[{"href":"http:\/\/desarrollo.grupomedios.com\/futbol\/wp-json\/wp\/v2\/posts"}],"about":[{"href":"http:\/\/desarrollo.grupomedios.com\/futbol\/wp-json\/wp\/v2\/types\/post"}],"author":[{"embeddable":true,"href":"http:\/\/desarrollo.grupomedios.com\/futbol\/wp-json\/wp\/v2\/users\/20"}],"replies":[{"embeddable":true,"href":"http:\/\/desarrollo.grupomedios.com\/futbol\/wp-json\/wp\/v2\/comments?post=484780"}],"version-history":[{"count":5,"href":"http:\/\/desarrollo.grupomedios.com\/futbol\/wp-json\/wp\/v2\/posts\/484780\/revisions"}],"predecessor-version":[{"id":484807,"href":"http:\/\/desarrollo.grupomedios.com\/futbol\/wp-json\/wp\/v2\/posts\/484780\/revisions\/484807"}],"wp:featuredmedia":[{"embeddable":true,"href":"http:\/\/desarrollo.grupomedios.com\/futbol\/wp-json\/wp\/v2\/media\/484806"}],"wp:attachment":[{"href":"http:\/\/desarrollo.grupomedios.com\/futbol\/wp-json\/wp\/v2\/media?parent=484780"}],"wp:term":[{"taxonomy":"category","embeddable":true,"href":"http:\/\/desarrollo.grupomedios.com\/futbol\/wp-json\/wp\/v2\/categories?post=484780"},{"taxonomy":"post_tag","embeddable":true,"href":"http:\/\/desarrollo.grupomedios.com\/futbol\/wp-json\/wp\/v2\/tags?post=484780"}],"curies":[{"name":"wp","href":"https:\/\/api.w.org\/{rel}","templated":true}]}}