{"id":484828,"date":"2017-06-22T15:42:22","date_gmt":"2017-06-22T20:42:22","guid":{"rendered":"https:\/\/www.futboltotal.com.mx\/?p=484828"},"modified":"2017-06-22T15:42:22","modified_gmt":"2017-06-22T20:42:22","slug":"bielsa-represento-cambio-chile-arturo-vidal","status":"publish","type":"post","link":"http:\/\/desarrollo.grupomedios.com\/futbol\/futbol-internacional\/bielsa-represento-cambio-chile-arturo-vidal\/2017\/06","title":{"rendered":"Bielsa no represent\u00f3 un cambio para Chile: Arturo Vidal"},"content":{"rendered":"<p>El futbolista de la selecci\u00f3n chilena, <strong>Arturo Vidal<\/strong>, rechaz\u00f3 que el entrenador <strong>Marcelo Bielsa<\/strong> fuera el principal responsable de transformar la mentalidad en los jugadores del combinado andino.<\/p>\n<p><strong>&#8220;Bielsa no tuvo nada que ver con eso&#8221;<\/strong>, dijo el futbolista del <strong>Bayern M\u00fanich<\/strong>, de acuerdo a declaraciones hechas al diario alem\u00e1n\u00a0<em>S\u00fcddeutsche Zeitung.<\/em><\/p>\n<p style=\"text-align: center;\"><span style=\"color: #333399;\"><a style=\"color: #333399;\" href=\"https:\/\/www.futboltotal.com.mx\/2017\/06\/alexis-sanchez-se-convierte-en-maximo-goleador-chile\/\" target=\"_blank\" rel=\"noopener noreferrer\">VER M\u00c1S: Alexis, m\u00e1ximo goleador de Chile<\/a><\/span><\/p>\n<blockquote><p>&#8220;Alguien se invent\u00f3 que fue responsable del cambio. No s\u00e9 a qui\u00e9n ayud\u00f3. A m\u00ed no me cambi\u00f3 de ning\u00fan modo. No representa el cambio de Chile. Los que lo cambiaron son quienes nos hicieron ser campeones&#8221;, indic\u00f3 el futbolista, refiri\u00e9ndose a <strong>Jorge Sampaoli<\/strong> y <strong>Juan Antonio Pizzi<\/strong>, t\u00e9cnicos que llevaron a Chile a ganar la Copa Am\u00e9rica de 2015 y 2016.<\/p><\/blockquote>\n<p><strong>Marcelo Bielsa<\/strong> dirigi\u00f3 a la Selecci\u00f3n de Chile entre el periodo de 2007 y 2011 y vio nacer a la llamada &#8216;generaci\u00f3n dorada&#8217; de futbolistas chilenos que posteriormente ganaron ambas copas de Am\u00e9rica.<\/p>\n<p style=\"text-align: center;\"><span style=\"color: #333399;\"><a style=\"color: #333399;\" href=\"https:\/\/www.futboltotal.com.mx\/2017\/06\/zlatan-da-una-pista-proximo-destino\/\" target=\"_blank\" rel=\"noopener noreferrer\">VER M\u00c1S: Zlatan tiene definido su pr\u00f3ximo destino<\/a><\/span><\/p>\n<p>&nbsp;<\/p>\n<p>&nbsp;<\/p>\n","protected":false},"excerpt":{"rendered":"<p>El futbolista chileno no piensa que el estratega argentino haya sido determinante para el combinado andino<\/p>\n","protected":false},"author":20,"featured_media":435109,"comment_status":"closed","ping_status":"closed","sticky":false,"template":"","format":"standard","meta":[],"categories":[3868,3839],"tags":[2962,406,1580,1173],"_links":{"self":[{"href":"http:\/\/desarrollo.grupomedios.com\/futbol\/wp-json\/wp\/v2\/posts\/484828"}],"collection":[{"href":"http:\/\/desarrollo.grupomedios.com\/futbol\/wp-json\/wp\/v2\/posts"}],"about":[{"href":"http:\/\/desarrollo.grupomedios.com\/futbol\/wp-json\/wp\/v2\/types\/post"}],"author":[{"embeddable":true,"href":"http:\/\/desarrollo.grupomedios.com\/futbol\/wp-json\/wp\/v2\/users\/20"}],"replies":[{"embeddable":true,"href":"http:\/\/desarrollo.grupomedios.com\/futbol\/wp-json\/wp\/v2\/comments?post=484828"}],"version-history":[{"count":1,"href":"http:\/\/desarrollo.grupomedios.com\/futbol\/wp-json\/wp\/v2\/posts\/484828\/revisions"}],"predecessor-version":[{"id":484832,"href":"http:\/\/desarrollo.grupomedios.com\/futbol\/wp-json\/wp\/v2\/posts\/484828\/revisions\/484832"}],"wp:featuredmedia":[{"embeddable":true,"href":"http:\/\/desarrollo.grupomedios.com\/futbol\/wp-json\/wp\/v2\/media\/435109"}],"wp:attachment":[{"href":"http:\/\/desarrollo.grupomedios.com\/futbol\/wp-json\/wp\/v2\/media?parent=484828"}],"wp:term":[{"taxonomy":"category","embeddable":true,"href":"http:\/\/desarrollo.grupomedios.com\/futbol\/wp-json\/wp\/v2\/categories?post=484828"},{"taxonomy":"post_tag","embeddable":true,"href":"http:\/\/desarrollo.grupomedios.com\/futbol\/wp-json\/wp\/v2\/tags?post=484828"}],"curies":[{"name":"wp","href":"https:\/\/api.w.org\/{rel}","templated":true}]}}